{"id":10674,"date":"2020-08-26T18:51:41","date_gmt":"2020-08-27T00:51:41","guid":{"rendered":"https:\/\/informativoelvalledeaguascalientes.online\/?p=10674"},"modified":"2020-08-26T18:51:41","modified_gmt":"2020-08-27T00:51:41","slug":"diputacion-permanente-del-hce-aguascalientes-convoco-a-periodo-extraordinario","status":"publish","type":"post","link":"https:\/\/informativoelvalledeaguascalientes.online\/?p=10674","title":{"rendered":"DIPUTACI\u00d3N PERMANENTE DEL HCE AGUASCALIENTES CONVOC\u00d3 A PERIODO EXTRAORDINARIO"},"content":{"rendered":"<ul>\n<li>El jueves 03 de septiembre, el Pleno de la LXIV Legislatura resolver\u00e1 diversos pendientes en materias constitucional, de salud, justicia, entre otros rubros.<\/li>\n<li>En el apartado de asuntos generales, se registr\u00f3 la participaci\u00f3n de la legisladora Elsa Land\u00edn y de los diputados Guillermo Alan\u00edz, Heder Guzm\u00e1n y Cuauht\u00e9moc Cardona.<\/li>\n<\/ul>\n<p>Derivado del acuerdo que tom\u00f3 la Junta de Coordinaci\u00f3n Pol\u00edtica, Integrantes de la mesa directiva de la Diputaci\u00f3n Permanente de la LXIV Legislatura, en voz de su presidente, diputado Heder Pedro Guzm\u00e1n Espejel, convocaron a un segundo periodo extraordinario de sesiones, correspondiente al segundo a\u00f1o de ejercicio constitucional, el cual se desarrollar\u00e1 el pr\u00f3ximo jueves 03 de septiembre, a partir de las 10 horas en el Recinto Oficial Soberana Convenci\u00f3n Revolucionaria de Aguascalientes.<\/p>\n<p>En esa sesi\u00f3n de car\u00e1cter extraordinario, el pleno desahogar\u00e1 diversos dict\u00e1menes en materia constitucional, salud, desarrollo social, educaci\u00f3n, cultura, movilidad, entre otros rubros, adem\u00e1s de un Acuerdo Legislativo que emiti\u00f3 la Junta de Coordinaci\u00f3n Pol\u00edtica para modificar la integraci\u00f3n de comisiones ordinarias del Poder Legislativo.<\/p>\n<p>Al proseguir con el desarrollo del orden del d\u00eda, se prosigui\u00f3 al apartado de asuntos generales, en el que por orden de insaculaci\u00f3n, la diputada del PRI, Elsa Amabel Land\u00edn Olivares, hizo uso de la voz para se\u00f1alar \u201cque si el Congreso del Estado cita a un periodo extraordinario de sesiones, es porque existen temas urgentes para la entidad por resolver\u201d, tras puntualizar que en el orden del d\u00eda de la sesi\u00f3n extraordinaria no se incluy\u00f3 la iniciativa de reforma constitucional federal que permitir\u00eda la conformaci\u00f3n de gabinetes paritarios.<\/p>\n<p>Land\u00edn Olivares, record\u00f3 que esta modificaci\u00f3n fue presentada en junio de 2019, la cual, al momento, contin\u00faa sin dictaminarse, por lo que pidi\u00f3 a las comisiones legislativas encargadas a darle tr\u00e1mite y sesionar en breve, para contar con el documento, pues de lo contrario se estar\u00eda incumpliendo con el ordenamiento que fue avalado en el Congreso de la Uni\u00f3n.<\/p>\n<p>A este respecto, el legislador del PAN, Guillermo Alaniz de Le\u00f3n se manifest\u00f3 a favor de la propuesta de su antecesora en el uso de la palabra, y por ende, solicit\u00f3 a la Secretar\u00eda General del congreso Local, darle seguimiento al asunto para que en breve sesionen los \u00f3rganos legislativos y se tenga listo el dictamen.<\/p>\n<p>En otro tema, el legislador Cuauht\u00e9moc Cardona Campos pidi\u00f3 a la Mesa Directiva de la Diputaci\u00f3n Permanente, solicite a la comisi\u00f3n correspondiente, de tr\u00e1mite a la iniciativa que turn\u00f3 en d\u00edas pasados para crear la Ley Contra del Hambre, y con ello pueda ser dictaminada y ser llevada al pleno legislativo para su votaci\u00f3n. Cardona Campos, expuso que a consecuencia de la pandemia, \u201cse presentan graves problemas de desempleo, con el cierre de micro y peque\u00f1as empresas, situaci\u00f3n que ha generado la carencia alimentaria en las familias\u201d.<\/p>\n<p>A\u00f1adi\u00f3 que su iniciativa va encaminada a estabelcer mecanismos para que la poblaci\u00f3n pueda producir sus propios alimentos, atrav\u00e9s de huertos familiares e invernaderos que implementen en sus hogares, con la asesor\u00eda y apoyo de especialistas.<\/p>\n<p>En seguida, fue turno para el diputado Heder Guzm\u00e1n Espejel, quie al hacer uso del micr\u00f3fono, ley\u00f3 un posicionamiento en torno a los desencuentros que se registraron en el Instituto de Seguridad y Servicios Sociales de los Trabajadores del Estado (ISSSTE), actos que sin duda, consider\u00f3, son una se\u00f1al de alarma que pone en evidencia la falta de organizaci\u00f3n, lealtad y congruencia con el proyecto de transformaci\u00f3n del Gobierno de la Rep\u00fablica, que encabeza el presidente Andr\u00e9s Manuel L\u00f3pez Obrador.<\/p>\n<p>Por lo que derivado de esas irregularidades administrativas que se presentan en el ISSSTE, apunt\u00f3 a que H\u00e9ctor Hugo Casillas Cisneros, encargado de despacho de esta dependencia federal, \u201cest\u00e1 m\u00e1s ocupado en sus politiquer\u00edas que en realizar bien su trabajo\u201d, por lo que le hizo un llamado en\u00e9rgico para que se dedique de tiempo completo a realizar su trabajo y a conducir de manera adecuada esta instituci\u00f3n, y principlamente, que haga de lado sus intereses particulares y anteponga el inter\u00e9s de la poblaci\u00f3n de Aguascalientes, tras subrayar los nexos de este funcionario con \u201cel priismo \u201crancio y su relaci\u00f3n con personajes como Otto Granados y Fernando Palomino\u201d.<\/p>\n<p>A la par, Heder Pedro Guzm\u00e1n extern\u00f3 un amplio reonocimiento a todo el personal m\u00e9dico y administrativo que labora en el nosocomio, pues son los que a diario han dado la batalla en esta pandemia del coronavirus, atendiendo a los derechohabientes pese a la desorganizaci\u00f3n de la cabeza en la delegaci\u00f3n.<\/p>\n<p>Tras esta participaci\u00f3n y una vez desahogado el apartado de asuntos generales, el presidente de la Diputaci\u00f3n Permanente, concluy\u00f3 con la sesi\u00f3n ordinaria y convoc\u00f3 a sus compa\u00f1eros de la mesa directiva a la siguiente reuni\u00f3n, la cual, su hora y fecha estar\u00e1 sujeta a previa notificaci\u00f3n.<\/p>\n","protected":false},"excerpt":{"rendered":"<p>El jueves 03 de septiembre, el Pleno de la LXIV Legislatura resolver\u00e1 diversos pendientes en materias constitucional, de salud, justicia, entre otros rubros. En el apartado de asuntos generales, se registr\u00f3 la participaci\u00f3n de la legisladora Elsa Land\u00edn y de los diputados Guillermo Alan\u00edz, Heder Guzm\u00e1n y Cuauht\u00e9moc Cardona. Derivado del acuerdo que tom\u00f3 la [&hellip;]<\/p>\n","protected":false},"author":1,"featured_media":10675,"comment_status":"closed","ping_status":"open","sticky":false,"template":"","format":"standard","meta":{"advanced_seo_description":"","jetpack_seo_html_title":"","jetpack_seo_noindex":false,"_jetpack_memberships_contains_paid_content":false,"footnotes":"","jetpack_publicize_message":"","jetpack_publicize_feature_enabled":true,"jetpack_social_post_already_shared":true,"jetpack_social_options":{"image_generator_settings":{"template":"highway","default_image_id":0,"font":"","enabled":false},"version":2}},"categories":[21,5],"tags":[22,44],"class_list":["post-10674","post","type-post","status-publish","format-standard","has-post-thumbnail","hentry","category-aguascalientes","category-h-congreso-del-estado-aguascalientes","tag-aguascalientes","tag-lxiv-legislatura-aguascalientes"],"jetpack_publicize_connections":[],"jetpack_featured_media_url":"https:\/\/i0.wp.com\/informativoelvalledeaguascalientes.online\/wp-content\/uploads\/2020\/08\/hce_perm_26082020.jpg?fit=1145%2C576&ssl=1","jetpack-related-posts":[],"jetpack_sharing_enabled":true,"jetpack_likes_enabled":true,"_links":{"self":[{"href":"https:\/\/informativoelvalledeaguascalientes.online\/index.php?rest_route=\/wp\/v2\/posts\/10674","targetHints":{"allow":["GET"]}}],"collection":[{"href":"https:\/\/informativoelvalledeaguascalientes.online\/index.php?rest_route=\/wp\/v2\/posts"}],"about":[{"href":"https:\/\/informativoelvalledeaguascalientes.online\/index.php?rest_route=\/wp\/v2\/types\/post"}],"author":[{"embeddable":true,"href":"https:\/\/informativoelvalledeaguascalientes.online\/index.php?rest_route=\/wp\/v2\/users\/1"}],"replies":[{"embeddable":true,"href":"https:\/\/informativoelvalledeaguascalientes.online\/index.php?rest_route=%2Fwp%2Fv2%2Fcomments&post=10674"}],"version-history":[{"count":1,"href":"https:\/\/informativoelvalledeaguascalientes.online\/index.php?rest_route=\/wp\/v2\/posts\/10674\/revisions"}],"predecessor-version":[{"id":10676,"href":"https:\/\/informativoelvalledeaguascalientes.online\/index.php?rest_route=\/wp\/v2\/posts\/10674\/revisions\/10676"}],"wp:featuredmedia":[{"embeddable":true,"href":"https:\/\/informativoelvalledeaguascalientes.online\/index.php?rest_route=\/wp\/v2\/media\/10675"}],"wp:attachment":[{"href":"https:\/\/informativoelvalledeaguascalientes.online\/index.php?rest_route=%2Fwp%2Fv2%2Fmedia&parent=10674"}],"wp:term":[{"taxonomy":"category","embeddable":true,"href":"https:\/\/informativoelvalledeaguascalientes.online\/index.php?rest_route=%2Fwp%2Fv2%2Fcategories&post=10674"},{"taxonomy":"post_tag","embeddable":true,"href":"https:\/\/informativoelvalledeaguascalientes.online\/index.php?rest_route=%2Fwp%2Fv2%2Ftags&post=10674"}],"curies":[{"name":"wp","href":"https:\/\/api.w.org\/{rel}","templated":true}]}}