{"id":10669,"date":"2020-08-25T18:03:52","date_gmt":"2020-08-26T00:03:52","guid":{"rendered":"https:\/\/informativoelvalledeaguascalientes.online\/?p=10669"},"modified":"2020-08-25T18:03:52","modified_gmt":"2020-08-26T00:03:52","slug":"dif-municipal-de-aguascalientes-invita-a-festejo-virtual-por-el-dia-del-adulto-mayor","status":"publish","type":"post","link":"https:\/\/informativoelvalledeaguascalientes.online\/?p=10669","title":{"rendered":"DIF MUNICIPAL DE AGUASCALIENTES INVITA A FESTEJO VIRTUAL POR \u00a0EL D\u00cdA DEL ADULTO MAYOR"},"content":{"rendered":"<div class=\"opinion-section opinion-single-cover opinion-indent opinion-overlay\">\n<div class=\"container\">\n<div class=\"section-head row justify-content-center text-center\">\n<div class=\"col-12 col-md-8\">\n<div class=\"section-meta\">Como un homenaje a todas las personas de la tercera edad de la capital del Estado y para cuidar las medidas sanitarias por la presencia de COVID-19, el Municipio de Aguascalientes a trav\u00e9s del DIF Municipal celebrar\u00e1 el D\u00eda del Adulto Mayor con un evento virtual que se transmitir\u00e1 por la p\u00e1gina oficial de Facebook: DIF Municipal AGS, este viernes 28 de Agosto en punto de las 17:00 horas.<\/div>\n<\/div>\n<\/div>\n<\/div>\n<\/div>\n<div class=\"opinion-section\">\n<div class=\"container\">\n<div class=\"section-content row justify-content-center\">\n<div class=\"col-12 col-lg-8 opinion-order-1\">\n<article class=\"opinion-post opinion-single post-19710 post type-post status-publish format-standard has-post-thumbnail hentry category-dif-municipal tag-adultos-mayores tag-dif tag-festejo-virtual\">\n<div class=\"entry-content\">\n<p><strong>Ram\u00f3n Jim\u00e9nez Pe\u00f1aloza<\/strong>, presidente de esta instituci\u00f3n, dio a conocer que dentro de las actividades de este evento se presentar\u00e1n diversos n\u00fameros musicales, se realizar\u00e1 una exhibici\u00f3n de baile de sal\u00f3n, adem\u00e1s de diversas sorpresas y regalos para hacer pasar un rato agradable a todos los abuelitos y abuelitas de Aguascalientes.<\/p>\n<p>En este sentido destac\u00f3 que la alcaldesa\u00a0<strong>Tere Jim\u00e9nez<\/strong>\u00a0reconoce el importante lugar que ocupan los adultos mayores al interior de las familias, como transmisores de los valores a las nuevas generaciones, adem\u00e1s de ser una fuente de conocimiento.<\/p>\n<p><strong>Jim\u00e9nez Pe\u00f1aloza<\/strong>\u00a0resalt\u00f3 que es por ese motivo que desde el DIF Municipal se impulsa una cultura de respeto hacia nuestros adultos mayores, quienes merecen ser tratados con amor y dignidad.<\/p>\n<p>Finalmente invit\u00f3 a todos los adultos mayores de la capital a que sigan la transmisi\u00f3n de este evento en donde pasar\u00e1n un momento de alegr\u00eda y diversi\u00f3n.<\/p>\n<\/div>\n<\/article>\n<\/div>\n<\/div>\n<\/div>\n<\/div>\n","protected":false},"excerpt":{"rendered":"<p>Como un homenaje a todas las personas de la tercera edad de la capital del Estado y para cuidar las medidas sanitarias por la presencia de COVID-19, el Municipio de Aguascalientes a trav\u00e9s del DIF Municipal celebrar\u00e1 el D\u00eda del Adulto Mayor con un evento virtual que se transmitir\u00e1 por la p\u00e1gina oficial de Facebook: [&hellip;]<\/p>\n","protected":false},"author":1,"featured_media":10670,"comment_status":"closed","ping_status":"open","sticky":false,"template":"","format":"standard","meta":{"advanced_seo_description":"","jetpack_seo_html_title":"","jetpack_seo_noindex":false,"_jetpack_memberships_contains_paid_content":false,"footnotes":"","jetpack_publicize_message":"","jetpack_publicize_feature_enabled":true,"jetpack_social_post_already_shared":true,"jetpack_social_options":{"image_generator_settings":{"template":"highway","default_image_id":0,"font":"","enabled":false},"version":2}},"categories":[21,3],"tags":[22,72],"class_list":["post-10669","post","type-post","status-publish","format-standard","has-post-thumbnail","hentry","category-aguascalientes","category-municipio-aguascalientes","tag-aguascalientes","tag-mpio-aguascalientes-dif"],"jetpack_publicize_connections":[],"jetpack_featured_media_url":"https:\/\/i0.wp.com\/informativoelvalledeaguascalientes.online\/wp-content\/uploads\/2020\/08\/mpio_ags_dif_abuelos_25082020.jpg?fit=768%2C768&ssl=1","jetpack-related-posts":[],"jetpack_sharing_enabled":true,"jetpack_likes_enabled":true,"_links":{"self":[{"href":"https:\/\/informativoelvalledeaguascalientes.online\/index.php?rest_route=\/wp\/v2\/posts\/10669","targetHints":{"allow":["GET"]}}],"collection":[{"href":"https:\/\/informativoelvalledeaguascalientes.online\/index.php?rest_route=\/wp\/v2\/posts"}],"about":[{"href":"https:\/\/informativoelvalledeaguascalientes.online\/index.php?rest_route=\/wp\/v2\/types\/post"}],"author":[{"embeddable":true,"href":"https:\/\/informativoelvalledeaguascalientes.online\/index.php?rest_route=\/wp\/v2\/users\/1"}],"replies":[{"embeddable":true,"href":"https:\/\/informativoelvalledeaguascalientes.online\/index.php?rest_route=%2Fwp%2Fv2%2Fcomments&post=10669"}],"version-history":[{"count":1,"href":"https:\/\/informativoelvalledeaguascalientes.online\/index.php?rest_route=\/wp\/v2\/posts\/10669\/revisions"}],"predecessor-version":[{"id":10671,"href":"https:\/\/informativoelvalledeaguascalientes.online\/index.php?rest_route=\/wp\/v2\/posts\/10669\/revisions\/10671"}],"wp:featuredmedia":[{"embeddable":true,"href":"https:\/\/informativoelvalledeaguascalientes.online\/index.php?rest_route=\/wp\/v2\/media\/10670"}],"wp:attachment":[{"href":"https:\/\/informativoelvalledeaguascalientes.online\/index.php?rest_route=%2Fwp%2Fv2%2Fmedia&parent=10669"}],"wp:term":[{"taxonomy":"category","embeddable":true,"href":"https:\/\/informativoelvalledeaguascalientes.online\/index.php?rest_route=%2Fwp%2Fv2%2Fcategories&post=10669"},{"taxonomy":"post_tag","embeddable":true,"href":"https:\/\/informativoelvalledeaguascalientes.online\/index.php?rest_route=%2Fwp%2Fv2%2Ftags&post=10669"}],"curies":[{"name":"wp","href":"https:\/\/api.w.org\/{rel}","templated":true}]}}