{"id":10666,"date":"2020-08-25T18:00:32","date_gmt":"2020-08-26T00:00:32","guid":{"rendered":"https:\/\/informativoelvalledeaguascalientes.online\/?p=10666"},"modified":"2020-08-25T18:00:32","modified_gmt":"2020-08-26T00:00:32","slug":"municipio-ags-y-ciudadanos-suman-esfuerzos-por-una-ciudad-mas-limpia","status":"publish","type":"post","link":"https:\/\/informativoelvalledeaguascalientes.online\/?p=10666","title":{"rendered":"MUNICIPIO AGS. Y CIUDADANOS SUMAN ESFUERZOS\u00a0POR UNA CIUDAD M\u00c1S LIMPIA"},"content":{"rendered":"<div class=\"opinion-section opinion-single-cover opinion-indent opinion-overlay\">\n<div class=\"container\">\n<div class=\"section-head row justify-content-center text-center\"><\/div>\n<\/div>\n<\/div>\n<div class=\"opinion-section\">\n<div class=\"container\">\n<div class=\"section-content row justify-content-center\">\n<div class=\"col-12 col-lg-8 opinion-order-1\">\n<article class=\"opinion-post opinion-single post-19692 post type-post status-publish format-standard has-post-thumbnail hentry category-coordinacion-de-delegaciones tag-jaltomate tag-mirador-de-las-culturas tag-todos-juntos-limpiemos-aguascalientes tag-vinedos-de-san-felipe\">\n<div class=\"entry-content\">\n<ul>\n<li><strong>A trav\u00e9s del programa Todos Juntos Limpiemos Aguascalientes, se realizaron jornadas de aseo en Mirador de las Culturas, Vi\u00f1edos San Felipe y Jaltomate<\/strong><\/li>\n<\/ul>\n<p>Con el fin de mantener un entorno saludable, el Municipio de Aguascalientes puso en marcha el programa \u201c Todos Juntos Limpiemos Aguascalientes\u201d, en Mirador de las Culturas, Vi\u00f1edos de San Felipe y Jaltomate.<\/p>\n<p>En estas brigadas contemplan barrido, recolecci\u00f3n de basura, poda de \u00e1rboles y desmalezado, mismas que se hacen en conjunto con grupos reducidos de vecinos y personal de la Coordinaci\u00f3n General de Delegaciones Urbanas y Rurales y de la Secretar\u00eda de Servicios P\u00fablicos Municipales.<\/p>\n<p>En esta ocasi\u00f3n se intervino una superficie de 7 mil metros cuadrados, entre calles, terrenos, parques y avenidas.<\/p>\n<p><strong>Rita Ver\u00f3nica Cruz Medina<\/strong>, coordinadora general de Delegaciones, detall\u00f3 que al realizar estas acciones se cuidan en todo momento las medidas de sanidad, con el fin de evitar contagios de COVID-19.<\/p>\n<p>Anunci\u00f3 que la siguiente brigada se efectuar\u00e1 en la colonia Ojo de Agua, este mi\u00e9rcoles 26 de agosto en punto de las 9:00 horas, esto por petici\u00f3n de los vecinos durante el programa 4\u00d74.<\/p>\n<\/div>\n<\/article>\n<\/div>\n<\/div>\n<\/div>\n<\/div>\n","protected":false},"excerpt":{"rendered":"<p>A trav\u00e9s del programa Todos Juntos Limpiemos Aguascalientes, se realizaron jornadas de aseo en Mirador de las Culturas, Vi\u00f1edos San Felipe y Jaltomate Con el fin de mantener un entorno saludable, el Municipio de Aguascalientes puso en marcha el programa \u201c Todos Juntos Limpiemos Aguascalientes\u201d, en Mirador de las Culturas, Vi\u00f1edos de San Felipe y [&hellip;]<\/p>\n","protected":false},"author":1,"featured_media":10667,"comment_status":"closed","ping_status":"open","sticky":false,"template":"","format":"standard","meta":{"advanced_seo_description":"","jetpack_seo_html_title":"","jetpack_seo_noindex":false,"_jetpack_memberships_contains_paid_content":false,"footnotes":"","jetpack_publicize_message":"","jetpack_publicize_feature_enabled":true,"jetpack_social_post_already_shared":true,"jetpack_social_options":{"image_generator_settings":{"template":"highway","default_image_id":0,"font":"","enabled":false},"version":2}},"categories":[21,3],"tags":[22,25],"class_list":["post-10666","post","type-post","status-publish","format-standard","has-post-thumbnail","hentry","category-aguascalientes","category-municipio-aguascalientes","tag-aguascalientes","tag-mpio-aguascalientes"],"jetpack_publicize_connections":[],"jetpack_featured_media_url":"https:\/\/i0.wp.com\/informativoelvalledeaguascalientes.online\/wp-content\/uploads\/2020\/08\/mpio_ags_limpia_25082020.jpeg?fit=1280%2C853&ssl=1","jetpack-related-posts":[],"jetpack_sharing_enabled":true,"jetpack_likes_enabled":true,"_links":{"self":[{"href":"https:\/\/informativoelvalledeaguascalientes.online\/index.php?rest_route=\/wp\/v2\/posts\/10666","targetHints":{"allow":["GET"]}}],"collection":[{"href":"https:\/\/informativoelvalledeaguascalientes.online\/index.php?rest_route=\/wp\/v2\/posts"}],"about":[{"href":"https:\/\/informativoelvalledeaguascalientes.online\/index.php?rest_route=\/wp\/v2\/types\/post"}],"author":[{"embeddable":true,"href":"https:\/\/informativoelvalledeaguascalientes.online\/index.php?rest_route=\/wp\/v2\/users\/1"}],"replies":[{"embeddable":true,"href":"https:\/\/informativoelvalledeaguascalientes.online\/index.php?rest_route=%2Fwp%2Fv2%2Fcomments&post=10666"}],"version-history":[{"count":1,"href":"https:\/\/informativoelvalledeaguascalientes.online\/index.php?rest_route=\/wp\/v2\/posts\/10666\/revisions"}],"predecessor-version":[{"id":10668,"href":"https:\/\/informativoelvalledeaguascalientes.online\/index.php?rest_route=\/wp\/v2\/posts\/10666\/revisions\/10668"}],"wp:featuredmedia":[{"embeddable":true,"href":"https:\/\/informativoelvalledeaguascalientes.online\/index.php?rest_route=\/wp\/v2\/media\/10667"}],"wp:attachment":[{"href":"https:\/\/informativoelvalledeaguascalientes.online\/index.php?rest_route=%2Fwp%2Fv2%2Fmedia&parent=10666"}],"wp:term":[{"taxonomy":"category","embeddable":true,"href":"https:\/\/informativoelvalledeaguascalientes.online\/index.php?rest_route=%2Fwp%2Fv2%2Fcategories&post=10666"},{"taxonomy":"post_tag","embeddable":true,"href":"https:\/\/informativoelvalledeaguascalientes.online\/index.php?rest_route=%2Fwp%2Fv2%2Ftags&post=10666"}],"curies":[{"name":"wp","href":"https:\/\/api.w.org\/{rel}","templated":true}]}}