{"id":10651,"date":"2020-08-25T17:41:13","date_gmt":"2020-08-25T23:41:13","guid":{"rendered":"https:\/\/informativoelvalledeaguascalientes.online\/?p=10651"},"modified":"2020-08-25T17:41:13","modified_gmt":"2020-08-25T23:41:13","slug":"el-campeonato-de-copa-mercedes-benz-se-puso-al-rojo-vivo","status":"publish","type":"post","link":"https:\/\/informativoelvalledeaguascalientes.online\/?p=10651","title":{"rendered":"EL CAMPEONATO DE COPA MERCEDES-BENZ SE PUSO AL ROJO VIVO"},"content":{"rendered":"<p>Despu\u00e9s de los resultados registrados el fin se semana pasado en el Aut\u00f3dromo Ecocentro de Quer\u00e9taro, el campeonato de la Copa Mercedes-Benz de la S\u00faper Copa, se puso al rojo vivo con un margen muy corto entre los primeros puestos.<\/p>\n<p>Michel Jourdain Jr. de Axalta-Grupo Indi que hizo dueto con el poblano Santos Zanella Sr. de Cerveza Serd\u00e1n, quien no pudo participar en la primera fecha que se corri\u00f3 en M\u00e9rida, tuvieron un excelente perfomance al cruzar la meta en la segunda posici\u00f3n en ambas carreras y as\u00ed ubicarse a solamente a un solo punto del dueto compuesto por Dom\u00ednguez y G\u00fazm\u00e1n.<\/p>\n<p>Precisamente Mario y Jaime de Grupo Andrade, logran mantener el liderato general, gracias al triunfo en la segunda carrera, porque en la primera hab\u00edan figurado en el sexto lugar.<\/p>\n<p>Hugo Oliveras y Pablo P\u00e9rez de Lara de Quaker State-Freightliner se fueron del Ecocentro con un cuarto y un tercer puesto y los puntos cosechados les sirven para aparecer terceros en el campeonato.<\/p>\n<p>Quienes escalaron varios puestos son los pilotos de Comercializadora Virdi, Andrik Dimayuga e Irwin Vences que se impusieron en la carrera 1, para pasar al cuarto lugar general.<\/p>\n<p>Otro equipo que tuvo una destacada actuaci\u00f3n en Quer\u00e9taro, fue el de Gas Express Nieto integrado por Gerardo Nieto y Santos Zanella Jr., quienes cosecharon un tercero y un s\u00e9ptimo lugar.<\/p>\n<p>&nbsp;<\/p>\n<p>CAMPEONATO EXTRAOFICIAL COPA MERCEDES-BENZ<\/p>\n<p>&nbsp;<\/p>\n<p>1) MARIO DOMINGUEZ\/ JAIME GUZMAN\u00a0 \u00a0 \u00a0 \u00a0 \u00a0 \u00a0 \u00a0 \u00a0 \u00a0 342 PUNTOS<\/p>\n<p>2) MICHEL JOURDAIN\u00a0 \u00a0 \u00a0 \u00a0 \u00a0 \u00a0 \u00a0 \u00a0 \u00a0 \u00a0 \u00a0 \u00a0 \u00a0 \u00a0 \u00a0 \u00a0 \u00a0 \u00a0 \u00a0 \u00a0 \u00a0 \u00a0 \u00a0 \u00a0 \u00a0339 PUNTOS<\/p>\n<p>3) HUGO OLIVERAS\/PABLO PEREZ DE LARA\u00a0\u00a0\u00a0\u00a0\u00a0\u00a0\u00a0\u00a0\u00a0\u00a0\u00a0\u00a0\u00a0\u00a0328 PUNTOS<\/p>\n<p>4) IRWIN VENCES\/ANDRIK DIMAYUGA\u00a0 \u00a0 \u00a0 \u00a0 \u00a0 \u00a0 \u00a0 \u00a0 \u00a0 \u00a0 \u00a0 304 PUNTOS<\/p>\n<p>5) RAFAEL VALLINA\u00a0 \u00a0 \u00a0 \u00a0 \u00a0 \u00a0 \u00a0 \u00a0 \u00a0 \u00a0 \u00a0 \u00a0 \u00a0 \u00a0 \u00a0 \u00a0 \u00a0 \u00a0 \u00a0 \u00a0 \u00a0 \u00a0 \u00a0 \u00a0 \u00a0 \u00a0 \u00a0304 PUNTOS<\/p>\n","protected":false},"excerpt":{"rendered":"<p>Despu\u00e9s de los resultados registrados el fin se semana pasado en el Aut\u00f3dromo Ecocentro de Quer\u00e9taro, el campeonato de la Copa Mercedes-Benz de la S\u00faper Copa, se puso al rojo vivo con un margen muy corto entre los primeros puestos. Michel Jourdain Jr. de Axalta-Grupo Indi que hizo dueto con el poblano Santos Zanella Sr. [&hellip;]<\/p>\n","protected":false},"author":1,"featured_media":10652,"comment_status":"closed","ping_status":"open","sticky":false,"template":"","format":"standard","meta":{"advanced_seo_description":"","jetpack_seo_html_title":"","jetpack_seo_noindex":false,"_jetpack_memberships_contains_paid_content":false,"footnotes":"","jetpack_publicize_message":"","jetpack_publicize_feature_enabled":true,"jetpack_social_post_already_shared":true,"jetpack_social_options":{"image_generator_settings":{"template":"highway","default_image_id":0,"font":"","enabled":false},"version":2}},"categories":[19],"tags":[232,125],"class_list":["post-10651","post","type-post","status-publish","format-standard","has-post-thumbnail","hentry","category-informacion-general","tag-informacion-general","tag-super-copa"],"jetpack_publicize_connections":[],"jetpack_featured_media_url":"https:\/\/i0.wp.com\/informativoelvalledeaguascalientes.online\/wp-content\/uploads\/2020\/08\/super_copa%C2%A8_25082020.jpg?fit=864%2C576&ssl=1","jetpack-related-posts":[],"jetpack_sharing_enabled":true,"jetpack_likes_enabled":true,"_links":{"self":[{"href":"https:\/\/informativoelvalledeaguascalientes.online\/index.php?rest_route=\/wp\/v2\/posts\/10651","targetHints":{"allow":["GET"]}}],"collection":[{"href":"https:\/\/informativoelvalledeaguascalientes.online\/index.php?rest_route=\/wp\/v2\/posts"}],"about":[{"href":"https:\/\/informativoelvalledeaguascalientes.online\/index.php?rest_route=\/wp\/v2\/types\/post"}],"author":[{"embeddable":true,"href":"https:\/\/informativoelvalledeaguascalientes.online\/index.php?rest_route=\/wp\/v2\/users\/1"}],"replies":[{"embeddable":true,"href":"https:\/\/informativoelvalledeaguascalientes.online\/index.php?rest_route=%2Fwp%2Fv2%2Fcomments&post=10651"}],"version-history":[{"count":1,"href":"https:\/\/informativoelvalledeaguascalientes.online\/index.php?rest_route=\/wp\/v2\/posts\/10651\/revisions"}],"predecessor-version":[{"id":10653,"href":"https:\/\/informativoelvalledeaguascalientes.online\/index.php?rest_route=\/wp\/v2\/posts\/10651\/revisions\/10653"}],"wp:featuredmedia":[{"embeddable":true,"href":"https:\/\/informativoelvalledeaguascalientes.online\/index.php?rest_route=\/wp\/v2\/media\/10652"}],"wp:attachment":[{"href":"https:\/\/informativoelvalledeaguascalientes.online\/index.php?rest_route=%2Fwp%2Fv2%2Fmedia&parent=10651"}],"wp:term":[{"taxonomy":"category","embeddable":true,"href":"https:\/\/informativoelvalledeaguascalientes.online\/index.php?rest_route=%2Fwp%2Fv2%2Fcategories&post=10651"},{"taxonomy":"post_tag","embeddable":true,"href":"https:\/\/informativoelvalledeaguascalientes.online\/index.php?rest_route=%2Fwp%2Fv2%2Ftags&post=10651"}],"curies":[{"name":"wp","href":"https:\/\/api.w.org\/{rel}","templated":true}]}}