{"id":10597,"date":"2020-08-24T20:39:54","date_gmt":"2020-08-25T02:39:54","guid":{"rendered":"https:\/\/informativoelvalledeaguascalientes.online\/?p=10597"},"modified":"2020-08-24T20:39:54","modified_gmt":"2020-08-25T02:39:54","slug":"buenos-dividendos-para-alex-sainz-en-trucks-mexico-aguascalientes","status":"publish","type":"post","link":"https:\/\/informativoelvalledeaguascalientes.online\/?p=10597","title":{"rendered":"Buenos dividendos para Alex Sainz en Trucks M\u00e9xico Aguascalientes"},"content":{"rendered":"<p style=\"font-weight: 400;\"><strong>&#8211;<\/strong>\u00a0El \u00d3valo Aguascalientes M\u00e9xico result\u00f3 una aduana complicada para el joven Alex Sainz, esto debido a un contacto que frustr\u00f3 sus aspiraciones en la tercera fecha de la\u00a0<strong>FB y BOHN Mikel\u2019s Trucks<\/strong>\u00a02020, campeonato de desarrollo de\u00a0<strong>NASCAR M\u00e9xico<\/strong>\u00a0que sigue su camino con competencias a puerta cerrada.<\/p>\n<p style=\"font-weight: 400;\"><strong>\u00a0<\/strong><\/p>\n<p style=\"font-weight: 400;\">Alex Sainz, tuvo dos d\u00edas llenos de aprendizaje con la camioneta\u00a0<strong>#77 Xiaomi M\u00e9xico \/ Relx M\u00e9xico \/ MG Consultor\u00eda Aduanal \/ Invespa \/ Haas \/ Bistrot Sainz<\/strong>, el pasado 19 y 20 de agosto, en el primer evento de dos d\u00edas por parte de NASCAR PEAK M\u00e9xico, esta ocasi\u00f3n visitando el \u00f3valo hidroc\u00e1lido de 1.4 kil\u00f3metros, uno de los m\u00e1s complicados que visita el serial.<\/p>\n<p style=\"font-weight: 400;\">\n<p style=\"font-weight: 400;\">Todo comenzaba con dos provechosas pr\u00e1cticas en las que el piloto de 16 a\u00f1os pod\u00eda acoplarse e ir conociendo la pista, teniendo un buen d\u00eda junto al\u00a0<strong>ANVI Motorsport<\/strong>. Sin embargo; los problemas vendr\u00edan al d\u00eda siguiente durante la \u00faltima pr\u00e1ctica en donde un duro contacto lo mandar\u00eda contra el muro, situaci\u00f3n que presionaba al equipo para trabajar fuerte para poder estar en la sesi\u00f3n clasificatoria y por supuesto en la carrera.<\/p>\n<p style=\"font-weight: 400;\">\n<p style=\"font-weight: 400;\">El reto se consigui\u00f3, el team logr\u00f3 tener la camioneta lista y Sainz sali\u00f3 a la pista en busca de un buen resultado. La carrera iniciaba con un ritmo bueno durante toda la primera parte de la competencia pactada a 100 vueltas, hasta que para su mala fortuna un contacto con la camioneta #4 rompi\u00f3 el radiador de su m\u00e1quina\u00a0<strong>#77 Xiaomi M\u00e9xico \/ Relx M\u00e9xico \/ MG Consultor\u00eda Aduanal \/ Invespa \/ Haas \/ Bistrot Sainz<\/strong>, vi\u00e9ndose obligado a abandonar en el giro 69.<\/p>\n<p style=\"font-weight: 400;\">\n<p style=\"font-weight: 400;\"><strong><em>\u201cCreo que ten\u00edamos un buen ritmo desde en la ma\u00f1ana con buenos tiempos, pero desafortunadamente en la \u00faltima pr\u00e1ctica tuvimos un contacto con Mondrag\u00f3n que nos hizo terminar en el muro. En la carrera \u00edbamos muy bien, adelantando posiciones luego de una calificaci\u00f3n que usamos para acoplarnos nuevamente a la camioneta tuvimos un incidente con la camioneta de Cerecedo, terminamos con el radiador roto y tuvimos que abandonar\u201d.<\/em><\/strong><\/p>\n<p style=\"font-weight: 400;\">\n<p style=\"font-weight: 400;\"><strong><em>\u201cEs una l\u00e1stima traemos un s\u00faper ritmo, un excelente trabajo del ANVI Motorsport, creo que ten\u00edamos para estar en el Top-5, pero bueno, a prepararnos para Puebla. Simplemente agradecer a todos por su apoyo, a mis patrocinadores Xiaomi M\u00e9xico \/ Relx M\u00e9xico \/ MG Consultor\u00eda Aduanal \/ Invespa \/ Haas \/ Bistrot Sainz, nos vemos en la siguiente fecha\u201d<\/em><\/strong>, finaliz\u00f3 el piloto.<\/p>\n<p style=\"font-weight: 400;\">\n<p style=\"font-weight: 400;\">11 y 12 de septiembre es la fecha marcada para el siguiente compromiso de Alex Sainz en la\u00a0<strong>FB y BOHN Mikel\u2019s Trucks<\/strong>\u00a0dentro del programa de\u00a0<strong>NASCAR PEAK M\u00e9xico Series<\/strong>, con un duro compromiso en el\u00a0<strong>Miguel E. Abed<\/strong>\u00a0de Puebla, viviendo una fecha doble.<\/p>\n","protected":false},"excerpt":{"rendered":"<p>&#8211;\u00a0El \u00d3valo Aguascalientes M\u00e9xico result\u00f3 una aduana complicada para el joven Alex Sainz, esto debido a un contacto que frustr\u00f3 sus aspiraciones en la tercera fecha de la\u00a0FB y BOHN Mikel\u2019s Trucks\u00a02020, campeonato de desarrollo de\u00a0NASCAR M\u00e9xico\u00a0que sigue su camino con competencias a puerta cerrada. \u00a0 Alex Sainz, tuvo dos d\u00edas llenos de aprendizaje con [&hellip;]<\/p>\n","protected":false},"author":1,"featured_media":10598,"comment_status":"closed","ping_status":"open","sticky":false,"template":"","format":"standard","meta":{"advanced_seo_description":"","jetpack_seo_html_title":"","jetpack_seo_noindex":false,"_jetpack_memberships_contains_paid_content":false,"footnotes":"","jetpack_publicize_message":"","jetpack_publicize_feature_enabled":true,"jetpack_social_post_already_shared":true,"jetpack_social_options":{"image_generator_settings":{"template":"highway","default_image_id":0,"font":"","enabled":false},"version":2}},"categories":[21,19],"tags":[22,194],"class_list":["post-10597","post","type-post","status-publish","format-standard","has-post-thumbnail","hentry","category-aguascalientes","category-informacion-general","tag-aguascalientes","tag-nascar"],"jetpack_publicize_connections":[],"jetpack_featured_media_url":"https:\/\/i0.wp.com\/informativoelvalledeaguascalientes.online\/wp-content\/uploads\/2020\/08\/NASCAR.jpg?fit=685%2C445&ssl=1","jetpack-related-posts":[],"jetpack_sharing_enabled":true,"jetpack_likes_enabled":true,"_links":{"self":[{"href":"https:\/\/informativoelvalledeaguascalientes.online\/index.php?rest_route=\/wp\/v2\/posts\/10597","targetHints":{"allow":["GET"]}}],"collection":[{"href":"https:\/\/informativoelvalledeaguascalientes.online\/index.php?rest_route=\/wp\/v2\/posts"}],"about":[{"href":"https:\/\/informativoelvalledeaguascalientes.online\/index.php?rest_route=\/wp\/v2\/types\/post"}],"author":[{"embeddable":true,"href":"https:\/\/informativoelvalledeaguascalientes.online\/index.php?rest_route=\/wp\/v2\/users\/1"}],"replies":[{"embeddable":true,"href":"https:\/\/informativoelvalledeaguascalientes.online\/index.php?rest_route=%2Fwp%2Fv2%2Fcomments&post=10597"}],"version-history":[{"count":1,"href":"https:\/\/informativoelvalledeaguascalientes.online\/index.php?rest_route=\/wp\/v2\/posts\/10597\/revisions"}],"predecessor-version":[{"id":10599,"href":"https:\/\/informativoelvalledeaguascalientes.online\/index.php?rest_route=\/wp\/v2\/posts\/10597\/revisions\/10599"}],"wp:featuredmedia":[{"embeddable":true,"href":"https:\/\/informativoelvalledeaguascalientes.online\/index.php?rest_route=\/wp\/v2\/media\/10598"}],"wp:attachment":[{"href":"https:\/\/informativoelvalledeaguascalientes.online\/index.php?rest_route=%2Fwp%2Fv2%2Fmedia&parent=10597"}],"wp:term":[{"taxonomy":"category","embeddable":true,"href":"https:\/\/informativoelvalledeaguascalientes.online\/index.php?rest_route=%2Fwp%2Fv2%2Fcategories&post=10597"},{"taxonomy":"post_tag","embeddable":true,"href":"https:\/\/informativoelvalledeaguascalientes.online\/index.php?rest_route=%2Fwp%2Fv2%2Ftags&post=10597"}],"curies":[{"name":"wp","href":"https:\/\/api.w.org\/{rel}","templated":true}]}}