{"id":10594,"date":"2020-08-24T20:33:02","date_gmt":"2020-08-25T02:33:02","guid":{"rendered":"https:\/\/informativoelvalledeaguascalientes.online\/?p=10594"},"modified":"2020-08-24T20:33:02","modified_gmt":"2020-08-25T02:33:02","slug":"inicio-de-ciclo-escolar-se-da-con-responsabilidad-garantizando-salud-de-la-comunidad-educativa","status":"publish","type":"post","link":"https:\/\/informativoelvalledeaguascalientes.online\/?p=10594","title":{"rendered":"INICIO DE CICLO ESCOLAR SE DA CON RESPONSABILIDAD, GARANTIZANDO SALUD DE LA COMUNIDAD EDUCATIVA\u00a0\u00a0"},"content":{"rendered":"<ul>\n<li dir=\"ltr\"><strong>M\u00e1s de 300 mil estudiantes desde nivel b\u00e1sico a superior reinician actividades acad\u00e9micas en modalidad virtual e h\u00edbrida.<\/strong><\/li>\n<li dir=\"ltr\">\n<p dir=\"ltr\"><strong>IEA adaptar\u00e1 modalidad de estudios de acuerdo a las condiciones sociales de cada sector del estado, para que todos puedan continuar con su preparaci\u00f3n.<\/strong><\/p>\n<\/li>\n<\/ul>\n<p>&nbsp;<\/p>\n<p dir=\"ltr\">Al poner en marcha el ciclo escolar 2020-2021, en donde reinician clases m\u00e1s de 300 mil estudiantes de nivel b\u00e1sico a superior, el secretario general de Gobierno, Juan Manuel Flores Femat, en representaci\u00f3n del gobernador Mart\u00edn Orozco Sandoval, hizo un llamado a alumnos, padres de familia y magisterio a demostrar que Aguascalientes tiene una sociedad cohesionada y comprometida,\u00a0 con la que se puede trabajar de manera responsable en este nuevo periodo de clases, manteniendo un equilibro con la salud y la educaci\u00f3n.<\/p>\n<p>&nbsp;<\/p>\n<p dir=\"ltr\">Asimismo, Flores Femat asegur\u00f3 que este reinicio de actividades escolares se hace patente la fortaleza de la pol\u00edtica educativa estatal y el compromiso del magisterio, pues alumnos desde nivel b\u00e1sico a nivel superior podr\u00e1n continuar con su formaci\u00f3n acad\u00e9mica tanto en plataformas digitales y electr\u00f3nicas, como en modelos h\u00edbridos.<\/p>\n<p>&nbsp;<\/p>\n<p dir=\"ltr\">El director del IEA, Ra\u00fal Silva Perezchica, asegur\u00f3 que el principal reto para este periodo ser\u00e1 la inclusi\u00f3n de aquellos estudiantes que por su condici\u00f3n econ\u00f3mica o social no tienen acceso a tecnolog\u00edas de la informaci\u00f3n, pues asegur\u00f3 que la pandemia puso a prueba la educaci\u00f3n en todo el pa\u00eds, haciendo palpable la necesidad de acortar las brechas de desigualdad a trav\u00e9s de diferentes herramientas.<\/p>\n<p>&nbsp;<\/p>\n<p dir=\"ltr\">Por ello, inform\u00f3 que adem\u00e1s de las clases en canales de televisi\u00f3n y plataformas virtuales, se comenzar\u00e1 con un padr\u00f3n de aquellos alumnos que su situaci\u00f3n econ\u00f3mica y social sea una barrera que les impida continuar con su formaci\u00f3n acad\u00e9mica, para poder dotarles de herramientas que les permitan realizar acciones que les permitan acceder al proceso de ense\u00f1anza aprendizaje.<\/p>\n<p>&nbsp;<\/p>\n<p dir=\"ltr\">Asimismo, destac\u00f3 que para este ciclo escolar se ha exhortado a docentes para reforzar aspectos pedag\u00f3gicos, afectivos, emocionales, pero tambi\u00e9n, enriquecer habilidades, herramientas y estrategias relacionadas con el impulso a la lectura, el pensamiento matem\u00e1tico, el uso de tecnolog\u00edas de la informaci\u00f3n, idioma ingl\u00e9s, la resoluci\u00f3n de problemas, la adaptabilidad, entre otros.<\/p>\n<p>&nbsp;<\/p>\n<p dir=\"ltr\">Silva P\u00e9rezchica agreg\u00f3 que el magisterio ha sido determinante para que el sistema educativo haya salido adelante durante esta emergencia sanitaria, reconociendo su resiliencia y compromiso por brindarles a miles de j\u00f3venes conocimientos, herramientas y aspiraciones en el que puedan competir y colocarse no s\u00f3lo a nivel local, sino internacional.<\/p>\n<p>&nbsp;<\/p>\n<p dir=\"ltr\">Al tomar la palabra, Ram\u00f3n Garc\u00eda Alvizo, l\u00edder de la secci\u00f3n 1 del SNTE, destac\u00f3 que la pandemia puso a prueba la continuidad de la educaci\u00f3n en M\u00e9xico, sin embargo, gracias a la participaci\u00f3n y el compromiso del magisterio y la sociedad en su conjunto, se han logrado establecer condiciones para que esta siga siendo el motor que mueve a la naci\u00f3n, siempre teniendo de por medio el mantener la integridad de estudiantes, docentes y padres de familia.<\/p>\n<p>&nbsp;<\/p>\n<p dir=\"ltr\">Cabe se\u00f1alar que el recinto sede de esta inauguraci\u00f3n simb\u00f3lica del ciclo escolar 2020-201, se trata de una de las cuatro escuelas de nueva creaci\u00f3n del Gobierno Estatal, planteles que abrir\u00e1n sus puertas a ni\u00f1as y ni\u00f1os en cuanto las condiciones sanitarias as\u00ed lo permitan.<\/p>\n","protected":false},"excerpt":{"rendered":"<p>M\u00e1s de 300 mil estudiantes desde nivel b\u00e1sico a superior reinician actividades acad\u00e9micas en modalidad virtual e h\u00edbrida. IEA adaptar\u00e1 modalidad de estudios de acuerdo a las condiciones sociales de cada sector del estado, para que todos puedan continuar con su preparaci\u00f3n. &nbsp; Al poner en marcha el ciclo escolar 2020-2021, en donde reinician clases [&hellip;]<\/p>\n","protected":false},"author":1,"featured_media":10595,"comment_status":"closed","ping_status":"open","sticky":false,"template":"","format":"standard","meta":{"advanced_seo_description":"","jetpack_seo_html_title":"","jetpack_seo_noindex":false,"_jetpack_memberships_contains_paid_content":false,"footnotes":"","jetpack_publicize_message":"","jetpack_publicize_feature_enabled":true,"jetpack_social_post_already_shared":true,"jetpack_social_options":{"image_generator_settings":{"template":"highway","default_image_id":0,"font":"","enabled":false},"version":2}},"categories":[21,4],"tags":[22,39],"class_list":["post-10594","post","type-post","status-publish","format-standard","has-post-thumbnail","hentry","category-aguascalientes","category-gobierno-del-estado-aguascalientes","tag-aguascalientes","tag-iea"],"jetpack_publicize_connections":[],"jetpack_featured_media_url":"https:\/\/i0.wp.com\/informativoelvalledeaguascalientes.online\/wp-content\/uploads\/2020\/08\/WhatsApp-Image-2020-08-24-at-12.06.29-3.jpeg?fit=1280%2C853&ssl=1","jetpack-related-posts":[],"jetpack_sharing_enabled":true,"jetpack_likes_enabled":true,"_links":{"self":[{"href":"https:\/\/informativoelvalledeaguascalientes.online\/index.php?rest_route=\/wp\/v2\/posts\/10594","targetHints":{"allow":["GET"]}}],"collection":[{"href":"https:\/\/informativoelvalledeaguascalientes.online\/index.php?rest_route=\/wp\/v2\/posts"}],"about":[{"href":"https:\/\/informativoelvalledeaguascalientes.online\/index.php?rest_route=\/wp\/v2\/types\/post"}],"author":[{"embeddable":true,"href":"https:\/\/informativoelvalledeaguascalientes.online\/index.php?rest_route=\/wp\/v2\/users\/1"}],"replies":[{"embeddable":true,"href":"https:\/\/informativoelvalledeaguascalientes.online\/index.php?rest_route=%2Fwp%2Fv2%2Fcomments&post=10594"}],"version-history":[{"count":1,"href":"https:\/\/informativoelvalledeaguascalientes.online\/index.php?rest_route=\/wp\/v2\/posts\/10594\/revisions"}],"predecessor-version":[{"id":10596,"href":"https:\/\/informativoelvalledeaguascalientes.online\/index.php?rest_route=\/wp\/v2\/posts\/10594\/revisions\/10596"}],"wp:featuredmedia":[{"embeddable":true,"href":"https:\/\/informativoelvalledeaguascalientes.online\/index.php?rest_route=\/wp\/v2\/media\/10595"}],"wp:attachment":[{"href":"https:\/\/informativoelvalledeaguascalientes.online\/index.php?rest_route=%2Fwp%2Fv2%2Fmedia&parent=10594"}],"wp:term":[{"taxonomy":"category","embeddable":true,"href":"https:\/\/informativoelvalledeaguascalientes.online\/index.php?rest_route=%2Fwp%2Fv2%2Fcategories&post=10594"},{"taxonomy":"post_tag","embeddable":true,"href":"https:\/\/informativoelvalledeaguascalientes.online\/index.php?rest_route=%2Fwp%2Fv2%2Ftags&post=10594"}],"curies":[{"name":"wp","href":"https:\/\/api.w.org\/{rel}","templated":true}]}}