{"id":10582,"date":"2020-08-24T19:41:28","date_gmt":"2020-08-25T01:41:28","guid":{"rendered":"https:\/\/informativoelvalledeaguascalientes.online\/?p=10582"},"modified":"2020-08-24T19:41:28","modified_gmt":"2020-08-25T01:41:28","slug":"uso-politico-del-caso-lozoya-pretende-distraer-de-los-graves-problemas-del-pais-senala-fernando-herrera","status":"publish","type":"post","link":"https:\/\/informativoelvalledeaguascalientes.online\/?p=10582","title":{"rendered":"USO POL\u00cdTICO DEL CASO LOZOYA PRETENDE DISTRAER DE LOS GRAVES PROBLEMAS DEL PA\u00cdS, SE\u00d1ALA FERNANDO HERRERA."},"content":{"rendered":"<p style=\"font-weight: 400;\">\n<ul>\n<li style=\"font-weight: 400;\"><strong>\u00a0L\u00f3pez Obrador no quiere que se hable de los 60 mil muertos por Covid19, pero s\u00ed que se hable del ex Director de Pemex y del caso Odebrecht.<\/strong><\/li>\n<\/ul>\n<p style=\"font-weight: 400;\">\n<ul>\n<li style=\"font-weight: 400;\"><strong>Nadie se opone a que se combata la corrupci\u00f3n y se termine con la impunidad que tanto ha lastimado al pa\u00eds, se\u00f1ala.<\/strong><\/li>\n<\/ul>\n<p style=\"font-weight: 400;\">\n<p style=\"font-weight: 400;\">El uso pol\u00edtico que se le ha dado al caso de Emilio Lozoya pretende distraer a los mexicanos de los graves problemas del pa\u00eds. Un claro ejemplo es que L\u00f3pez Obrador prefiere que se hable de este tema y no de los 60 mil decesos por Covid19 que nos han llevado al escenario catastr\u00f3fico que el gobierno federal cre\u00eda improbable.<\/p>\n<p style=\"font-weight: 400;\">\n<p style=\"font-weight: 400;\">As\u00ed lo expres\u00f3 Fernando Herrera, Vocero del Comit\u00e9 Ejecutivo Nacional del PAN, quien precis\u00f3 que desde la extradici\u00f3n del ex Director de Pemex al pa\u00eds, el caso ha estado marcado por toda clase de irregularidades y por la falta de pruebas contundentes.<\/p>\n<p style=\"font-weight: 400;\">\n<p style=\"font-weight: 400;\">Sin embargo, el presidente ha arreciado su discurso pol\u00edtico sobre la corrupci\u00f3n de los sexenios anteriores y pretende hacer un escarnio p\u00fablico de cualquier involucrado, violando con ello el derecho a la presunci\u00f3n de inocencia.<\/p>\n<p style=\"font-weight: 400;\">\n<p style=\"font-weight: 400;\">El video que fue filtrado la semana pasada, dijo, ensucia el debido proceso judicial y viola el C\u00f3digo Penal Federal, porque no fue la Fiscal\u00eda General de la Rep\u00fablica (FGR) la que present\u00f3 dicho material.<\/p>\n<p style=\"font-weight: 400;\">\n<p style=\"font-weight: 400;\">A pesar de ello, a\u00f1adi\u00f3, el presidente dedic\u00f3 una hora y veinte minutos en su conferencia ma\u00f1anera, para hacer un linchamiento medi\u00e1tico de quienes aparecieron en ese material y busc\u00f3 a toda costa vincularlos con el PAN.<\/p>\n<p style=\"font-weight: 400;\">\n<p style=\"font-weight: 400;\">Contrario a lo anterior y sobre el video donde fue exhibido su hermano, P\u00edo L\u00f3pez Obrador, recibiendo dinero en efectivo de David Le\u00f3n Romero, ex funcionario del gobierno de Chiapas; L\u00f3pez Obrador dedic\u00f3 40 minutos para defenderlo, en el mensaje que brind\u00f3 en su visita a Aguascalientes.<\/p>\n<p style=\"font-weight: 400;\">\n<p style=\"font-weight: 400;\">\n<p style=\"font-weight: 400;\">Herrera \u00c1vila inform\u00f3 que por lo anterior y a trav\u00e9s de V\u00edctor Hugo Sond\u00f3n, representante del PAN ante el INE, el partido present\u00f3 una denuncia formal en contra de Le\u00f3n Romero y P\u00edo L\u00f3pez, por el uso indebido de recursos p\u00fablicos para el financiamiento de campa\u00f1as electorales y por violar la normatividad de financiamiento a los partidos pol\u00edticos, as\u00ed como la transparencia y rendici\u00f3n de cuentas en materia de fiscalizaci\u00f3n de los recursos p\u00fablicos.<\/p>\n<p style=\"font-weight: 400;\">\n<p style=\"font-weight: 400;\">\u201cEl presidente no quiere que se hable de los verdaderos problemas del pa\u00eds, como la crisis sanitaria que ha provocado 60 mil decesos por Covid19. Pero s\u00ed quiere a todo mundo hablando del caso Lozoya e intentando manchar al PAN, porque es el \u00fanico partido que le puede ganar en el 2021\u201d.<\/p>\n<p style=\"font-weight: 400;\">\n<p style=\"font-weight: 400;\">\u201cTampoco habla de la crisis econ\u00f3mica que ha dejado sin empleo a 12.5 millones de mexicanos, que ha provocado el cierre de m\u00e1s de 250 mil Mipymes, que ha desplomado el consumo interno y que ha empujado a 16 millones de personas a la pobreza por ingresos y a la pobreza extrema\u201d, expres\u00f3 el aguascalentense.<\/p>\n<p style=\"font-weight: 400;\">\n<p style=\"font-weight: 400;\">Es inaceptable, apunt\u00f3 Fernando Herrera, que el gobierno federal siga sin asumir su responsabilidad y ahora se concentre en el uso pol\u00edtico de la justicia a trav\u00e9s de Emilio Lozoya, en lugar de atender los problemas del pa\u00eds.<\/p>\n<p style=\"font-weight: 400;\">\n<p style=\"font-weight: 400;\">Nadie se opone a que se castigue la corrupci\u00f3n y se termine con la impunidad que tanto ha lastimado a M\u00e9xico, a\u00f1adi\u00f3, pero de eso al espect\u00e1culo que est\u00e1 montando L\u00f3pez Obrador, hay un abismo.<\/p>\n<p style=\"font-weight: 400;\">\n<p style=\"font-weight: 400;\">\n","protected":false},"excerpt":{"rendered":"<p>\u00a0L\u00f3pez Obrador no quiere que se hable de los 60 mil muertos por Covid19, pero s\u00ed que se hable del ex Director de Pemex y del caso Odebrecht. Nadie se opone a que se combata la corrupci\u00f3n y se termine con la impunidad que tanto ha lastimado al pa\u00eds, se\u00f1ala. El uso pol\u00edtico que se [&hellip;]<\/p>\n","protected":false},"author":1,"featured_media":10583,"comment_status":"closed","ping_status":"open","sticky":false,"template":"","format":"standard","meta":{"advanced_seo_description":"","jetpack_seo_html_title":"","jetpack_seo_noindex":false,"_jetpack_memberships_contains_paid_content":false,"footnotes":"","jetpack_publicize_message":"","jetpack_publicize_feature_enabled":true,"jetpack_social_post_already_shared":true,"jetpack_social_options":{"image_generator_settings":{"template":"highway","default_image_id":0,"font":"","enabled":false},"version":2}},"categories":[21,7],"tags":[22,74,23],"class_list":["post-10582","post","type-post","status-publish","format-standard","has-post-thumbnail","hentry","category-aguascalientes","category-pan-aguascalientes","tag-aguascalientes","tag-fernando-herrera","tag-pan-aguascalientes"],"jetpack_publicize_connections":[],"jetpack_featured_media_url":"https:\/\/i0.wp.com\/informativoelvalledeaguascalientes.online\/wp-content\/uploads\/2020\/08\/FH.jpg?fit=889%2C535&ssl=1","jetpack-related-posts":[],"jetpack_sharing_enabled":true,"jetpack_likes_enabled":true,"_links":{"self":[{"href":"https:\/\/informativoelvalledeaguascalientes.online\/index.php?rest_route=\/wp\/v2\/posts\/10582","targetHints":{"allow":["GET"]}}],"collection":[{"href":"https:\/\/informativoelvalledeaguascalientes.online\/index.php?rest_route=\/wp\/v2\/posts"}],"about":[{"href":"https:\/\/informativoelvalledeaguascalientes.online\/index.php?rest_route=\/wp\/v2\/types\/post"}],"author":[{"embeddable":true,"href":"https:\/\/informativoelvalledeaguascalientes.online\/index.php?rest_route=\/wp\/v2\/users\/1"}],"replies":[{"embeddable":true,"href":"https:\/\/informativoelvalledeaguascalientes.online\/index.php?rest_route=%2Fwp%2Fv2%2Fcomments&post=10582"}],"version-history":[{"count":1,"href":"https:\/\/informativoelvalledeaguascalientes.online\/index.php?rest_route=\/wp\/v2\/posts\/10582\/revisions"}],"predecessor-version":[{"id":10584,"href":"https:\/\/informativoelvalledeaguascalientes.online\/index.php?rest_route=\/wp\/v2\/posts\/10582\/revisions\/10584"}],"wp:featuredmedia":[{"embeddable":true,"href":"https:\/\/informativoelvalledeaguascalientes.online\/index.php?rest_route=\/wp\/v2\/media\/10583"}],"wp:attachment":[{"href":"https:\/\/informativoelvalledeaguascalientes.online\/index.php?rest_route=%2Fwp%2Fv2%2Fmedia&parent=10582"}],"wp:term":[{"taxonomy":"category","embeddable":true,"href":"https:\/\/informativoelvalledeaguascalientes.online\/index.php?rest_route=%2Fwp%2Fv2%2Fcategories&post=10582"},{"taxonomy":"post_tag","embeddable":true,"href":"https:\/\/informativoelvalledeaguascalientes.online\/index.php?rest_route=%2Fwp%2Fv2%2Ftags&post=10582"}],"curies":[{"name":"wp","href":"https:\/\/api.w.org\/{rel}","templated":true}]}}