{"id":10417,"date":"2020-08-20T15:27:04","date_gmt":"2020-08-20T21:27:04","guid":{"rendered":"https:\/\/informativoelvalledeaguascalientes.online\/?p=10417"},"modified":"2020-08-20T15:27:04","modified_gmt":"2020-08-20T21:27:04","slug":"ica-invita-a-la-poblacion-a-escribir-un-nuevo-capitulo-en-la-historia-natural-de-aguascalientes","status":"publish","type":"post","link":"https:\/\/informativoelvalledeaguascalientes.online\/?p=10417","title":{"rendered":"ICA INVITA A LA POBLACI\u00d3N A ESCRIBIR UN NUEVO CAP\u00cdTULO EN LA HISTORIA NATURAL DE AGUASCALIENTES"},"content":{"rendered":"<ul style=\"font-weight: 400;\">\n<li><strong><em>Se invita a participar en el seminario web \u201cHacia un Geoparque en Aguascalientes\u201d.<\/em><\/strong><\/li>\n<li><strong><em>En el seminario se dar\u00e1n las bases de participaci\u00f3n para las y los ciudadanos que deseen ser integrantes del consejo.<\/em><\/strong><\/li>\n<\/ul>\n<p style=\"font-weight: 400;\"><strong>\u00a0<\/strong><\/p>\n<p style=\"font-weight: 400;\">En continuaci\u00f3n de los acuerdos del Convenio de Cooperaci\u00f3n firmado en agosto del 2019 entre Gobierno del Estado, encabezado por el C.P. Mart\u00edn Orozco Sandoval, y la Oficina de Representaci\u00f3n de UNESCO en M\u00e9xico, el Instituto Cultural de Aguascalientes (ICA) informa que da inicio al Proyecto Geoparque UNESCO Aguascalientes, a fin de desarrollar los trabajos para su postulaci\u00f3n.<\/p>\n<p style=\"font-weight: 400;\">\n<p style=\"font-weight: 400;\">En esta primera etapa se busca que la ciudadan\u00eda participe en el seminario web \u201cHacia un Geoparque en Aguascalientes\u201d, mediante el cual se conocer\u00e1n las bases de participaci\u00f3n para las y los ciudadanos que deseen ser integrantes del Consejo Consultivo, as\u00ed como para que se propongan sitios de relevancia geol\u00f3gica, cultural, natural, arqueol\u00f3gica y\/o hist\u00f3rica que podr\u00edan ser parte del Geoparque Aguascalientes.<\/p>\n<p style=\"font-weight: 400;\">\n<p style=\"font-weight: 400;\">Este foro abierto se llevar\u00e1 a cabo el pr\u00f3ximo jueves 27 de agosto a las 18:00 h, v\u00eda Zoom, con previo registro en el siguiente enlace\u00a0\u00a0<a href=\"https:\/\/bit.ly\/34ltukV?fbclid=IwAR3HbQJKMblobeeDXuhdVpAh5_va-uNRK39zg1VygwLanu506PEn1umptaw\" data-saferedirecturl=\"https:\/\/www.google.com\/url?q=https:\/\/bit.ly\/34ltukV?fbclid%3DIwAR3HbQJKMblobeeDXuhdVpAh5_va-uNRK39zg1VygwLanu506PEn1umptaw&amp;source=gmail&amp;ust=1598037650423000&amp;usg=AFQjCNHvESykUIoY8Z6VwlKrFYsqsd2kDg\">https:\/\/bit.ly\/34ltukV<\/a>o en Facebook live en la p\u00e1gina del Instituto Cultural de Aguascalientes.<\/p>\n<p style=\"font-weight: 400;\">\n<p style=\"font-weight: 400;\">Se tendr\u00e1 la participaci\u00f3n de Dorian Rommens, especialista del Programa en el Sector de Ciencias Naturales de Oficina de la UNESCO M\u00e9xico; Claudia Santa Ana Zald\u00edvar, Directora del Instituto Cultural de Aguascalientes; Denise Gorfinkiel, experta internacional de la Oficina Regional de Ciencias de la UNESCO en Am\u00e9rica Latina y el Caribe, en Montevideo, Uruguay; M\u00f3nica Bueno, Coordinadora del Geoparque R\u00edo Coco, de Nicaragua; y Carles Canet, Coordinador del Geoparque Comarca Minera.<\/p>\n<p style=\"font-weight: 400;\">\n<p style=\"font-weight: 400;\">Cabe recordar que los geoparques mundiales de la UNESCO son zonas geogr\u00e1ficas en las que se ubican sitios y paisajes de importancia geol\u00f3gica internacional con un concepto integral de protecci\u00f3n, educaci\u00f3n y desarrollo sostenible. Estas zonas contienen \u00e1reas con relevancia cultural y natural que se apoyan, unas a otras, para promover su crecimiento, junto con las comunidades locales, mediante su cuidado y puesta en valor con actividades y proyectos creativos, de divulgaci\u00f3n, educaci\u00f3n y turismo cultural.<\/p>\n<p style=\"font-weight: 400;\">\n","protected":false},"excerpt":{"rendered":"<p>Se invita a participar en el seminario web \u201cHacia un Geoparque en Aguascalientes\u201d. En el seminario se dar\u00e1n las bases de participaci\u00f3n para las y los ciudadanos que deseen ser integrantes del consejo. \u00a0 En continuaci\u00f3n de los acuerdos del Convenio de Cooperaci\u00f3n firmado en agosto del 2019 entre Gobierno del Estado, encabezado por el [&hellip;]<\/p>\n","protected":false},"author":1,"featured_media":10418,"comment_status":"closed","ping_status":"open","sticky":false,"template":"","format":"standard","meta":{"advanced_seo_description":"","jetpack_seo_html_title":"","jetpack_seo_noindex":false,"_jetpack_memberships_contains_paid_content":false,"footnotes":"","jetpack_publicize_message":"","jetpack_publicize_feature_enabled":true,"jetpack_social_post_already_shared":true,"jetpack_social_options":{"image_generator_settings":{"template":"highway","default_image_id":0,"font":"","enabled":false},"version":2}},"categories":[21,4],"tags":[22,52],"class_list":["post-10417","post","type-post","status-publish","format-standard","has-post-thumbnail","hentry","category-aguascalientes","category-gobierno-del-estado-aguascalientes","tag-aguascalientes","tag-ica"],"jetpack_publicize_connections":[],"jetpack_featured_media_url":"https:\/\/i0.wp.com\/informativoelvalledeaguascalientes.online\/wp-content\/uploads\/2020\/08\/ica_20082020.png?fit=625%2C625&ssl=1","jetpack-related-posts":[],"jetpack_sharing_enabled":true,"jetpack_likes_enabled":true,"_links":{"self":[{"href":"https:\/\/informativoelvalledeaguascalientes.online\/index.php?rest_route=\/wp\/v2\/posts\/10417","targetHints":{"allow":["GET"]}}],"collection":[{"href":"https:\/\/informativoelvalledeaguascalientes.online\/index.php?rest_route=\/wp\/v2\/posts"}],"about":[{"href":"https:\/\/informativoelvalledeaguascalientes.online\/index.php?rest_route=\/wp\/v2\/types\/post"}],"author":[{"embeddable":true,"href":"https:\/\/informativoelvalledeaguascalientes.online\/index.php?rest_route=\/wp\/v2\/users\/1"}],"replies":[{"embeddable":true,"href":"https:\/\/informativoelvalledeaguascalientes.online\/index.php?rest_route=%2Fwp%2Fv2%2Fcomments&post=10417"}],"version-history":[{"count":1,"href":"https:\/\/informativoelvalledeaguascalientes.online\/index.php?rest_route=\/wp\/v2\/posts\/10417\/revisions"}],"predecessor-version":[{"id":10419,"href":"https:\/\/informativoelvalledeaguascalientes.online\/index.php?rest_route=\/wp\/v2\/posts\/10417\/revisions\/10419"}],"wp:featuredmedia":[{"embeddable":true,"href":"https:\/\/informativoelvalledeaguascalientes.online\/index.php?rest_route=\/wp\/v2\/media\/10418"}],"wp:attachment":[{"href":"https:\/\/informativoelvalledeaguascalientes.online\/index.php?rest_route=%2Fwp%2Fv2%2Fmedia&parent=10417"}],"wp:term":[{"taxonomy":"category","embeddable":true,"href":"https:\/\/informativoelvalledeaguascalientes.online\/index.php?rest_route=%2Fwp%2Fv2%2Fcategories&post=10417"},{"taxonomy":"post_tag","embeddable":true,"href":"https:\/\/informativoelvalledeaguascalientes.online\/index.php?rest_route=%2Fwp%2Fv2%2Ftags&post=10417"}],"curies":[{"name":"wp","href":"https:\/\/api.w.org\/{rel}","templated":true}]}}