{"id":10350,"date":"2020-08-18T22:58:41","date_gmt":"2020-08-19T04:58:41","guid":{"rendered":"https:\/\/informativoelvalledeaguascalientes.online\/?p=10350"},"modified":"2020-08-18T22:58:41","modified_gmt":"2020-08-19T04:58:41","slug":"garantiza-municipio-de-aguascalientes-la-proteccion-de-las-ninas-ninos-y-adolescentes","status":"publish","type":"post","link":"https:\/\/informativoelvalledeaguascalientes.online\/?p=10350","title":{"rendered":"GARANTIZA MUNICIPIO DE AGUASCALIENTES LA PROTECCI\u00d3N DE LAS NI\u00d1AS, NI\u00d1OS Y ADOLESCENTES"},"content":{"rendered":"<div class=\"opinion-section opinion-single-cover opinion-indent opinion-overlay\">\n<div class=\"container\">\n<div class=\"section-head row justify-content-center text-center\"><\/div>\n<\/div>\n<\/div>\n<div class=\"opinion-section\">\n<div class=\"container\">\n<div class=\"section-content row justify-content-center\">\n<div class=\"col-12 col-lg-8 opinion-order-1\">\n<article class=\"opinion-post opinion-single post-19448 post type-post status-publish format-standard has-post-thumbnail hentry category-dif-municipal tag-adolescentes tag-dif tag-menores tag-ninas tag-ninos tag-sipinna\">\n<div class=\"entry-content\">\n<ul>\n<li><strong>Qued\u00f3 formalmente instalado el Consejo Municipal del Sistema de Protecci\u00f3n Integral de Ni\u00f1as, Ni\u00f1os y Adolescentes (SIPINNA)<\/strong><\/li>\n<\/ul>\n<p>Con el prop\u00f3sito de fortalecer las acciones para garantizar que los infantes y j\u00f3venes vivan una vida libre de violencia, este martes se instal\u00f3 el Consejo del Sistema de Protecci\u00f3n Integral de Ni\u00f1as, Ni\u00f1os y Adolescentes (SIPINNA) en el Municipio de Aguascalientes.<\/p>\n<p><strong>Jaime Gerardo Beltr\u00e1n Mart\u00ednez<\/strong>, secretario del H. Ayuntamiento de Aguascalientes, en representaci\u00f3n de la alcaldesa\u00a0<strong>Tere Jim\u00e9nez<\/strong>, tom\u00f3 protesta a los integrantes del consejo municipal que preside\u00a0<strong>Xochiltzin Ilancueitl Ram\u00edrez Rodr\u00edguez<\/strong>, como secretaria de SIPINNA en el Municipio de Aguascalientes.<\/p>\n<p><strong>Beltr\u00e1n Mart\u00ednez<\/strong>\u00a0mencion\u00f3 que los infantes y menores de edad son un grupo vulnerable sobre todo durante esta emergencia sanitaria provocada por el COVID-19, por lo que es de especial inter\u00e9s para la alcaldesa\u00a0<strong>Tere Jim\u00e9nez<\/strong>\u00a0y el presidente del DIF Municipal de Aguascalientes\u00a0<strong>Ram\u00f3n Jim\u00e9nez Pe\u00f1aloza<\/strong>, garantizar la atenci\u00f3n y el respeto a los derechos de las ni\u00f1as, ni\u00f1os y adolescentes desde este organismo.<\/p>\n<p><strong>Adriana Jurado Valadez<\/strong>, secretaria Ejecutiva de este Consejo en el Estado, explic\u00f3 que SIPINNA surge a partir de la promulgaci\u00f3n de la Ley General de Ni\u00f1as, Ni\u00f1os y Adolescentes en 2015 y que su funci\u00f3n es promover pol\u00edticas p\u00fablicas federales, estatales y municipales que acerquen a las y los menores a mejores oportunidades como servicios educativos, salud y la protecci\u00f3n de sus derechos, lo que deriva en una mejor calidad de vida.<\/p>\n<p>Durante la instalaci\u00f3n del consejo las instancias estatales y municipales se comprometieron a trabajar en conjunto para cumplir con cada uno de los objetivos del sistema.<\/p>\n<p>El evento se realiz\u00f3 en el Sal\u00f3n Presidentes\u00a0 de Palacio Municipal, con la presencia de la Diputada\u00a0<strong>Paloma Am\u00e9zquita Carre\u00f3n<\/strong>, presidenta de la Comisi\u00f3n de la Familia del H. Congreso del Estado y de\u00a0<strong>Ram\u00f3n Jim\u00e9nez Pe\u00f1aloza<\/strong>, presidente del DIF Municipal de Aguascalientes.<\/p>\n<p>Integran este Comit\u00e9 de SIPINNA del Municipio de Aguascalientes:<\/p>\n<ul>\n<li><strong>Berenice Romo Tapia<\/strong>, Regidora Presidenta de la Comisi\u00f3n de Educaci\u00f3n, Juventud y Deporte del H. Cabildo de Aguascalientes<\/li>\n<li><strong>Christian Guti\u00e9rrez M\u00e1rquez<\/strong>, Regidor Presidente\u00a0 de la Comisi\u00f3n de Gobernaci\u00f3n del H. Cabildo de Aguascalientes<\/li>\n<li><strong>Noemi Herrada Campos<\/strong>, Directora del Instituto Municipal de la Juventud (IMJUVA)<\/li>\n<li><strong>Alma Hilda Medina Mac\u00edas<\/strong>, Directora General del DIF Municipal<\/li>\n<li><strong>Antonio Mart\u00ednez Romo<\/strong>, Secretario de Seguridad P\u00fablica Municipal<\/li>\n<\/ul>\n<\/div>\n<\/article>\n<\/div>\n<\/div>\n<\/div>\n<\/div>\n","protected":false},"excerpt":{"rendered":"<p>Qued\u00f3 formalmente instalado el Consejo Municipal del Sistema de Protecci\u00f3n Integral de Ni\u00f1as, Ni\u00f1os y Adolescentes (SIPINNA) Con el prop\u00f3sito de fortalecer las acciones para garantizar que los infantes y j\u00f3venes vivan una vida libre de violencia, este martes se instal\u00f3 el Consejo del Sistema de Protecci\u00f3n Integral de Ni\u00f1as, Ni\u00f1os y Adolescentes (SIPINNA) en [&hellip;]<\/p>\n","protected":false},"author":1,"featured_media":10351,"comment_status":"closed","ping_status":"open","sticky":false,"template":"","format":"standard","meta":{"advanced_seo_description":"","jetpack_seo_html_title":"","jetpack_seo_noindex":false,"_jetpack_memberships_contains_paid_content":false,"footnotes":"","jetpack_publicize_message":"","jetpack_publicize_feature_enabled":true,"jetpack_social_post_already_shared":true,"jetpack_social_options":{"image_generator_settings":{"template":"highway","default_image_id":0,"font":"","enabled":false},"version":2}},"categories":[21,3],"tags":[22,25,64],"class_list":["post-10350","post","type-post","status-publish","format-standard","has-post-thumbnail","hentry","category-aguascalientes","category-municipio-aguascalientes","tag-aguascalientes","tag-mpio-aguascalientes","tag-sipinna"],"jetpack_publicize_connections":[],"jetpack_featured_media_url":"https:\/\/i0.wp.com\/informativoelvalledeaguascalientes.online\/wp-content\/uploads\/2020\/08\/mpio_ags_18082020.jpg?fit=797%2C425&ssl=1","jetpack-related-posts":[],"jetpack_sharing_enabled":true,"jetpack_likes_enabled":true,"_links":{"self":[{"href":"https:\/\/informativoelvalledeaguascalientes.online\/index.php?rest_route=\/wp\/v2\/posts\/10350","targetHints":{"allow":["GET"]}}],"collection":[{"href":"https:\/\/informativoelvalledeaguascalientes.online\/index.php?rest_route=\/wp\/v2\/posts"}],"about":[{"href":"https:\/\/informativoelvalledeaguascalientes.online\/index.php?rest_route=\/wp\/v2\/types\/post"}],"author":[{"embeddable":true,"href":"https:\/\/informativoelvalledeaguascalientes.online\/index.php?rest_route=\/wp\/v2\/users\/1"}],"replies":[{"embeddable":true,"href":"https:\/\/informativoelvalledeaguascalientes.online\/index.php?rest_route=%2Fwp%2Fv2%2Fcomments&post=10350"}],"version-history":[{"count":1,"href":"https:\/\/informativoelvalledeaguascalientes.online\/index.php?rest_route=\/wp\/v2\/posts\/10350\/revisions"}],"predecessor-version":[{"id":10352,"href":"https:\/\/informativoelvalledeaguascalientes.online\/index.php?rest_route=\/wp\/v2\/posts\/10350\/revisions\/10352"}],"wp:featuredmedia":[{"embeddable":true,"href":"https:\/\/informativoelvalledeaguascalientes.online\/index.php?rest_route=\/wp\/v2\/media\/10351"}],"wp:attachment":[{"href":"https:\/\/informativoelvalledeaguascalientes.online\/index.php?rest_route=%2Fwp%2Fv2%2Fmedia&parent=10350"}],"wp:term":[{"taxonomy":"category","embeddable":true,"href":"https:\/\/informativoelvalledeaguascalientes.online\/index.php?rest_route=%2Fwp%2Fv2%2Fcategories&post=10350"},{"taxonomy":"post_tag","embeddable":true,"href":"https:\/\/informativoelvalledeaguascalientes.online\/index.php?rest_route=%2Fwp%2Fv2%2Ftags&post=10350"}],"curies":[{"name":"wp","href":"https:\/\/api.w.org\/{rel}","templated":true}]}}