{"id":10347,"date":"2020-08-18T22:54:49","date_gmt":"2020-08-19T04:54:49","guid":{"rendered":"https:\/\/informativoelvalledeaguascalientes.online\/?p=10347"},"modified":"2020-08-18T22:54:49","modified_gmt":"2020-08-19T04:54:49","slug":"imac-presenta-programa-del-septimo-encuentro-de-teatro-popular-entepola","status":"publish","type":"post","link":"https:\/\/informativoelvalledeaguascalientes.online\/?p=10347","title":{"rendered":"IMAC PRESENTA PROGRAMA DEL S\u00c9PTIMO ENCUENTRO DE TEATRO POPULAR ENTEPOLA"},"content":{"rendered":"<div class=\"opinion-section opinion-single-cover opinion-indent opinion-overlay\">\n<div class=\"container\">\n<div class=\"section-head row justify-content-center text-center\">\n<div class=\"col-12 col-md-8\">\n<div class=\"section-meta\">El Instituto Municipal Aguascalentense para la Cultura (IMAC), Fundaci\u00f3n ENTEPOLA y el Comit\u00e9 Organizador voluntario, presentaron el programa del S\u00e9ptimo Encuentro de Teatro Popular Latinoamericano ENTEPOLA M\u00e9xico, a realizarse en modalidad virtual, del jueves 27 de agosto al s\u00e1bado 12 de septiembre.<\/div>\n<\/div>\n<\/div>\n<\/div>\n<\/div>\n<div class=\"opinion-section\">\n<div class=\"container\">\n<div class=\"section-content row justify-content-center\">\n<div class=\"col-12 col-lg-8 opinion-order-1\">\n<article class=\"opinion-post opinion-single post-19435 post type-post status-publish format-standard has-post-thumbnail hentry category-imac tag-entepola tag-imac tag-septimo-encuentro-de-teatro\">\n<div class=\"entry-content\">\n<p><strong>Jedsabel S\u00e1nchez Montes<\/strong>, directora del IMAC, detall\u00f3 que en esta edici\u00f3n se tendr\u00e1 la participaci\u00f3n de 27 compa\u00f1\u00edas de las cuales 8 son internacionales (Chile, Brasil, Espa\u00f1a y Argentina), 6 nacionales (Oaxaca, Hidalgo, Tlaxcala, Ciudad de M\u00e9xico) y 13 locales, entre ellas las compa\u00f1\u00edas surgidas de las Unidades de Exploraci\u00f3n Art\u00edsticas (UEA\u00b4S). Ser\u00e1n un total de 16 obras de teatro y 22 actividades acad\u00e9micas como mesas de di\u00e1logo, conversatorios y talleres.<\/p>\n<p><strong>David Musa Ureta<\/strong>, Presidente de Fundaci\u00f3n ENTEPOLA,\u00a0\u00a0agradeci\u00f3 los esfuerzos para llevar a lo largo de siete a\u00f1os esta iniciativa en M\u00e9xico y mencion\u00f3 que ENTEPOLA es una familia latinoamericana creada desde Chile en los tiempos de la dictadura, que ha traspasado fronteras con teatro que promueve la vida, la humildad, la colaboraci\u00f3n y el amor.<\/p>\n<p><strong>Gonzalo Quiroz<\/strong>, representante del Comit\u00e9 Ciudadano, puntualiz\u00f3 que el teatro tambi\u00e9n debe ser part\u00edcipe de la nueva normalidad, potencializando la cultura sin poner en riesgo la salud de las personas, raz\u00f3n por la cual este festival se desarrollar\u00e1 a trav\u00e9s de un programa virtual sin perder de vista la labor fundamental que es la reconstrucci\u00f3n del tejido social a trav\u00e9s de las artes.<\/p>\n<p><strong>Luis Arturo Rosas Malacara<\/strong>, Enlace de ENTEPOLA, detall\u00f3 que se tendr\u00e1 una amplia variedad de contenidos con funciones teatrales, de jueves a domingo a las 19:00 y 20:00 horas, el resto de la semana habr\u00e1 actividades acad\u00e9micas matutinas a las 10:00 y 11:00 horas.<\/p>\n<p>Las actividades se transmitir\u00e1n\u00a0\u00a0en\u00a0\u00a0<a href=\"http:\/\/www.facebook.com\/imacags\" data-saferedirecturl=\"https:\/\/www.google.com\/url?q=http:\/\/www.facebook.com\/imacags&amp;source=gmail&amp;ust=1597863968033000&amp;usg=AFQjCNGBIzbsCn4UDAVcpKRy71iEH86ICQ\">www.facebook.com\/imacags<\/a>\u00a0y Entepola M\u00e9xico. La programaci\u00f3n completa puede consultarse en los mismos sitios.<\/p>\n<\/div>\n<\/article>\n<\/div>\n<\/div>\n<\/div>\n<\/div>\n","protected":false},"excerpt":{"rendered":"<p>El Instituto Municipal Aguascalentense para la Cultura (IMAC), Fundaci\u00f3n ENTEPOLA y el Comit\u00e9 Organizador voluntario, presentaron el programa del S\u00e9ptimo Encuentro de Teatro Popular Latinoamericano ENTEPOLA M\u00e9xico, a realizarse en modalidad virtual, del jueves 27 de agosto al s\u00e1bado 12 de septiembre. Jedsabel S\u00e1nchez Montes, directora del IMAC, detall\u00f3 que en esta edici\u00f3n se tendr\u00e1 [&hellip;]<\/p>\n","protected":false},"author":1,"featured_media":10348,"comment_status":"closed","ping_status":"open","sticky":false,"template":"","format":"standard","meta":{"advanced_seo_description":"","jetpack_seo_html_title":"","jetpack_seo_noindex":false,"_jetpack_memberships_contains_paid_content":false,"footnotes":"","jetpack_publicize_message":"","jetpack_publicize_feature_enabled":true,"jetpack_social_post_already_shared":true,"jetpack_social_options":{"image_generator_settings":{"template":"highway","default_image_id":0,"font":"","enabled":false},"version":2}},"categories":[21,3],"tags":[22,118],"class_list":["post-10347","post","type-post","status-publish","format-standard","has-post-thumbnail","hentry","category-aguascalientes","category-municipio-aguascalientes","tag-aguascalientes","tag-mpio-aguascalientes-imac"],"jetpack_publicize_connections":[],"jetpack_featured_media_url":"https:\/\/i0.wp.com\/informativoelvalledeaguascalientes.online\/wp-content\/uploads\/2020\/08\/mpio_ags_imac_18082020.jpg?fit=640%2C427&ssl=1","jetpack-related-posts":[],"jetpack_sharing_enabled":true,"jetpack_likes_enabled":true,"_links":{"self":[{"href":"https:\/\/informativoelvalledeaguascalientes.online\/index.php?rest_route=\/wp\/v2\/posts\/10347","targetHints":{"allow":["GET"]}}],"collection":[{"href":"https:\/\/informativoelvalledeaguascalientes.online\/index.php?rest_route=\/wp\/v2\/posts"}],"about":[{"href":"https:\/\/informativoelvalledeaguascalientes.online\/index.php?rest_route=\/wp\/v2\/types\/post"}],"author":[{"embeddable":true,"href":"https:\/\/informativoelvalledeaguascalientes.online\/index.php?rest_route=\/wp\/v2\/users\/1"}],"replies":[{"embeddable":true,"href":"https:\/\/informativoelvalledeaguascalientes.online\/index.php?rest_route=%2Fwp%2Fv2%2Fcomments&post=10347"}],"version-history":[{"count":1,"href":"https:\/\/informativoelvalledeaguascalientes.online\/index.php?rest_route=\/wp\/v2\/posts\/10347\/revisions"}],"predecessor-version":[{"id":10349,"href":"https:\/\/informativoelvalledeaguascalientes.online\/index.php?rest_route=\/wp\/v2\/posts\/10347\/revisions\/10349"}],"wp:featuredmedia":[{"embeddable":true,"href":"https:\/\/informativoelvalledeaguascalientes.online\/index.php?rest_route=\/wp\/v2\/media\/10348"}],"wp:attachment":[{"href":"https:\/\/informativoelvalledeaguascalientes.online\/index.php?rest_route=%2Fwp%2Fv2%2Fmedia&parent=10347"}],"wp:term":[{"taxonomy":"category","embeddable":true,"href":"https:\/\/informativoelvalledeaguascalientes.online\/index.php?rest_route=%2Fwp%2Fv2%2Fcategories&post=10347"},{"taxonomy":"post_tag","embeddable":true,"href":"https:\/\/informativoelvalledeaguascalientes.online\/index.php?rest_route=%2Fwp%2Fv2%2Ftags&post=10347"}],"curies":[{"name":"wp","href":"https:\/\/api.w.org\/{rel}","templated":true}]}}