{"id":10344,"date":"2020-08-18T22:47:05","date_gmt":"2020-08-19T04:47:05","guid":{"rendered":"https:\/\/informativoelvalledeaguascalientes.online\/?p=10344"},"modified":"2020-08-18T22:47:05","modified_gmt":"2020-08-19T04:47:05","slug":"instituto-de-las-mujeres-estrena-espacio-radiofonico-a-traves-de-la-senal-del-92-7-fm","status":"publish","type":"post","link":"https:\/\/informativoelvalledeaguascalientes.online\/?p=10344","title":{"rendered":"INSTITUTO DE LAS MUJERES ESTRENA ESPACIO RADIOF\u00d3NICO A TRAV\u00c9S DE LA SE\u00d1AL DEL 92.7 FM\u00a0"},"content":{"rendered":"<p dir=\"ltr\">Con el prop\u00f3sito de abordar temas de inter\u00e9s por parte de especialistas y empoderar a las mujeres en \u00e1mbitos como el econ\u00f3mico, pol\u00edtico, social y cultural, el Instituto Aguascalentense de las Mujeres (IAM) estrena el programa radiof\u00f3nico \u201cNi azul, ni rosa\u201d a trav\u00e9s de la frecuencia 92.7 FM de Radio y Televisi\u00f3n de Aguascalientes, mismo que se transmitir\u00e1 todos los mi\u00e9rcoles en punto de las 9:00 horas.<\/p>\n<p dir=\"ltr\">As\u00ed lo dio a conocer la titular del IAM, Nancy Guti\u00e9rrez Ruvalcaba, quien se\u00f1al\u00f3 que este espacio se suma a los canales de comunicaci\u00f3n de la dependencia para estar en contacto con las mujeres de la entidad. Adem\u00e1s se\u00f1al\u00f3 que a trav\u00e9s de \u201cNi azul, ni rosa\u201d se dar\u00e1n a conocer todos los servicios y programas que brinda el personal del propio Instituto.<\/p>\n<p dir=\"ltr\">Dio a conocer que la emisi\u00f3n arrancar\u00e1 este mi\u00e9rcoles 19 de agosto con la presencia de la especialista Eugenia Sol\u00eds Ter\u00e1n, quien plantear\u00e1 el tema \u201cNi azul para los ni\u00f1os ni rosa para las ni\u00f1as\u201d; por lo que invit\u00f3 a las y los aguascalentenses a sintonizar este programa informativo cada semana.<\/p>\n","protected":false},"excerpt":{"rendered":"<p>Con el prop\u00f3sito de abordar temas de inter\u00e9s por parte de especialistas y empoderar a las mujeres en \u00e1mbitos como el econ\u00f3mico, pol\u00edtico, social y cultural, el Instituto Aguascalentense de las Mujeres (IAM) estrena el programa radiof\u00f3nico \u201cNi azul, ni rosa\u201d a trav\u00e9s de la frecuencia 92.7 FM de Radio y Televisi\u00f3n de Aguascalientes, mismo [&hellip;]<\/p>\n","protected":false},"author":1,"featured_media":10345,"comment_status":"closed","ping_status":"open","sticky":false,"template":"","format":"standard","meta":{"advanced_seo_description":"","jetpack_seo_html_title":"","jetpack_seo_noindex":false,"_jetpack_memberships_contains_paid_content":false,"footnotes":"","jetpack_publicize_message":"","jetpack_publicize_feature_enabled":true,"jetpack_social_post_already_shared":true,"jetpack_social_options":{"image_generator_settings":{"template":"highway","default_image_id":0,"font":"","enabled":false},"version":2}},"categories":[21,4],"tags":[22,57],"class_list":["post-10344","post","type-post","status-publish","format-standard","has-post-thumbnail","hentry","category-aguascalientes","category-gobierno-del-estado-aguascalientes","tag-aguascalientes","tag-iam"],"jetpack_publicize_connections":[],"jetpack_featured_media_url":"https:\/\/i0.wp.com\/informativoelvalledeaguascalientes.online\/wp-content\/uploads\/2020\/08\/iam_18082020.jpg?fit=828%2C463&ssl=1","jetpack-related-posts":[],"jetpack_sharing_enabled":true,"jetpack_likes_enabled":true,"_links":{"self":[{"href":"https:\/\/informativoelvalledeaguascalientes.online\/index.php?rest_route=\/wp\/v2\/posts\/10344","targetHints":{"allow":["GET"]}}],"collection":[{"href":"https:\/\/informativoelvalledeaguascalientes.online\/index.php?rest_route=\/wp\/v2\/posts"}],"about":[{"href":"https:\/\/informativoelvalledeaguascalientes.online\/index.php?rest_route=\/wp\/v2\/types\/post"}],"author":[{"embeddable":true,"href":"https:\/\/informativoelvalledeaguascalientes.online\/index.php?rest_route=\/wp\/v2\/users\/1"}],"replies":[{"embeddable":true,"href":"https:\/\/informativoelvalledeaguascalientes.online\/index.php?rest_route=%2Fwp%2Fv2%2Fcomments&post=10344"}],"version-history":[{"count":1,"href":"https:\/\/informativoelvalledeaguascalientes.online\/index.php?rest_route=\/wp\/v2\/posts\/10344\/revisions"}],"predecessor-version":[{"id":10346,"href":"https:\/\/informativoelvalledeaguascalientes.online\/index.php?rest_route=\/wp\/v2\/posts\/10344\/revisions\/10346"}],"wp:featuredmedia":[{"embeddable":true,"href":"https:\/\/informativoelvalledeaguascalientes.online\/index.php?rest_route=\/wp\/v2\/media\/10345"}],"wp:attachment":[{"href":"https:\/\/informativoelvalledeaguascalientes.online\/index.php?rest_route=%2Fwp%2Fv2%2Fmedia&parent=10344"}],"wp:term":[{"taxonomy":"category","embeddable":true,"href":"https:\/\/informativoelvalledeaguascalientes.online\/index.php?rest_route=%2Fwp%2Fv2%2Fcategories&post=10344"},{"taxonomy":"post_tag","embeddable":true,"href":"https:\/\/informativoelvalledeaguascalientes.online\/index.php?rest_route=%2Fwp%2Fv2%2Ftags&post=10344"}],"curies":[{"name":"wp","href":"https:\/\/api.w.org\/{rel}","templated":true}]}}