{"id":10331,"date":"2020-08-18T22:36:56","date_gmt":"2020-08-19T04:36:56","guid":{"rendered":"https:\/\/informativoelvalledeaguascalientes.online\/?p=10331"},"modified":"2020-08-18T22:36:56","modified_gmt":"2020-08-19T04:36:56","slug":"ricardo-abarca-a-la-caza-de-un-gran-resultado-en-nascar-aguascalientes","status":"publish","type":"post","link":"https:\/\/informativoelvalledeaguascalientes.online\/?p=10331","title":{"rendered":"Ricardo Abarca, a la caza de un gran resultado en NASCAR Aguascalientes"},"content":{"rendered":"<p style=\"font-weight: 400;\">Una nueva oportunidad se avecina para el piloto Ricardo Abarca los pr\u00f3ximos 19 y 20 de agosto con su participaci\u00f3n en la tercera fecha de\u00a0<strong>NASCAR PEAK M\u00e9xico Series<\/strong>\u00a0en su visita al\u00a0<strong>\u00d3valo Aguascalientes M\u00e9xico<\/strong>, uno de los m\u00e1s importantes del pa\u00eds, mismo que ser\u00e1 sede de un evento m\u00e1s a puerta cerrada.<\/p>\n<p style=\"font-weight: 400;\">\n<p style=\"font-weight: 400;\">La actividad para Ricardo Abarca continuar\u00e1 a bordo del auto\u00a0<strong>#64 NECORE\/ HAAS CNC<\/strong>\u00a0con la tercera competencia de la categor\u00eda\u00a0<strong>NASCAR Challenge,<\/strong>\u00a0que como ya es costumbre, compartir\u00e1 pista con\u00a0<strong>NASCAR PEAK<\/strong>\u00a0en el que representar\u00e1 el primer evento a dos d\u00edas en lo que va de una at\u00edpica temporada 2020, que seguir\u00e1 presentando gradas sin la presencia de p\u00fablico.<\/p>\n<p style=\"font-weight: 400;\">\n<p style=\"font-weight: 400;\">El \u00f3valo del estado de Aguascalientes ser\u00e1 la sede de la competencia a 220 giros, en donde el del\u00a0<strong>ANVI Motorsport<\/strong>\u00a0querr\u00e1 obtener el resultado importante que se le ha negado y lo podr\u00eda meter al Top-10 general de un campeonato naciente en donde las posiciones se encuentran demasiado cerradas, adem\u00e1s de ser uno de los retos grandes por la complejidad de la pista, misma en la que se registran algunas de las m\u00e1s altas velocidades de nuestro pa\u00eds.<\/p>\n<p style=\"font-weight: 400;\">\n<p style=\"font-weight: 400;\"><strong><em>\u201cEstoy listo, me he seguido preparando conforme la nueva normalidad lo permite y me siento preparado para esta prueba. Desafortunadamente no hemos tenido los resultados para los que se ha trabajado pero sin duda estamos muy a tiempo para mejorar y volver a la pelea\u201d.<\/em><\/strong><\/p>\n<p style=\"font-weight: 400;\"><strong><em>\u00a0<\/em><\/strong><\/p>\n<p style=\"font-weight: 400;\"><strong><em>\u201cToca una pista importante, es una de las m\u00e1s complicadas por las velocidades que se alcanzan pero para ello se trabaja d\u00eda a d\u00eda y la verdad es que lo disfrut\u00f3 demasiado. Y aunque seguimos sin p\u00fablico, siempre ser\u00e1 importante pensar tambi\u00e9n en el espect\u00e1culo para quienes seguramente nos seguir\u00e1n en la transmisi\u00f3n, por todos ellos que nos apoyan damos siempre un extra\u201d<\/em><\/strong>, expres\u00f3 Abarca.<\/p>\n<p style=\"font-weight: 400;\">\n<p style=\"font-weight: 400;\">Ser\u00e1 este mi\u00e9rcoles y jueves cuando Ricardo Abarca se presente en el\u00a0<strong>\u00d3valo Aguascalientes M\u00e9xico<\/strong>\u00a0para encarar el tercer escal\u00f3n de una joven temporada de\u00a0<strong>NASCAR PEAK M\u00e9xico Series<\/strong>, teniendo triple pr\u00e1ctica, calificaci\u00f3n y carrera por delante.<\/p>\n","protected":false},"excerpt":{"rendered":"<p>Una nueva oportunidad se avecina para el piloto Ricardo Abarca los pr\u00f3ximos 19 y 20 de agosto con su participaci\u00f3n en la tercera fecha de\u00a0NASCAR PEAK M\u00e9xico Series\u00a0en su visita al\u00a0\u00d3valo Aguascalientes M\u00e9xico, uno de los m\u00e1s importantes del pa\u00eds, mismo que ser\u00e1 sede de un evento m\u00e1s a puerta cerrada. La actividad para Ricardo [&hellip;]<\/p>\n","protected":false},"author":1,"featured_media":10332,"comment_status":"closed","ping_status":"open","sticky":false,"template":"","format":"standard","meta":{"advanced_seo_description":"","jetpack_seo_html_title":"","jetpack_seo_noindex":false,"_jetpack_memberships_contains_paid_content":false,"footnotes":"","jetpack_publicize_message":"","jetpack_publicize_feature_enabled":true,"jetpack_social_post_already_shared":true,"jetpack_social_options":{"image_generator_settings":{"template":"highway","default_image_id":0,"font":"","enabled":false},"version":2}},"categories":[21,19],"tags":[22,293],"class_list":["post-10331","post","type-post","status-publish","format-standard","has-post-thumbnail","hentry","category-aguascalientes","category-informacion-general","tag-aguascalientes","tag-nascar-mexico-series"],"jetpack_publicize_connections":[],"jetpack_featured_media_url":"https:\/\/i0.wp.com\/informativoelvalledeaguascalientes.online\/wp-content\/uploads\/2020\/08\/nascar_ricardo_18082020.jpg?fit=938%2C625&ssl=1","jetpack-related-posts":[],"jetpack_sharing_enabled":true,"jetpack_likes_enabled":true,"_links":{"self":[{"href":"https:\/\/informativoelvalledeaguascalientes.online\/index.php?rest_route=\/wp\/v2\/posts\/10331","targetHints":{"allow":["GET"]}}],"collection":[{"href":"https:\/\/informativoelvalledeaguascalientes.online\/index.php?rest_route=\/wp\/v2\/posts"}],"about":[{"href":"https:\/\/informativoelvalledeaguascalientes.online\/index.php?rest_route=\/wp\/v2\/types\/post"}],"author":[{"embeddable":true,"href":"https:\/\/informativoelvalledeaguascalientes.online\/index.php?rest_route=\/wp\/v2\/users\/1"}],"replies":[{"embeddable":true,"href":"https:\/\/informativoelvalledeaguascalientes.online\/index.php?rest_route=%2Fwp%2Fv2%2Fcomments&post=10331"}],"version-history":[{"count":1,"href":"https:\/\/informativoelvalledeaguascalientes.online\/index.php?rest_route=\/wp\/v2\/posts\/10331\/revisions"}],"predecessor-version":[{"id":10333,"href":"https:\/\/informativoelvalledeaguascalientes.online\/index.php?rest_route=\/wp\/v2\/posts\/10331\/revisions\/10333"}],"wp:featuredmedia":[{"embeddable":true,"href":"https:\/\/informativoelvalledeaguascalientes.online\/index.php?rest_route=\/wp\/v2\/media\/10332"}],"wp:attachment":[{"href":"https:\/\/informativoelvalledeaguascalientes.online\/index.php?rest_route=%2Fwp%2Fv2%2Fmedia&parent=10331"}],"wp:term":[{"taxonomy":"category","embeddable":true,"href":"https:\/\/informativoelvalledeaguascalientes.online\/index.php?rest_route=%2Fwp%2Fv2%2Fcategories&post=10331"},{"taxonomy":"post_tag","embeddable":true,"href":"https:\/\/informativoelvalledeaguascalientes.online\/index.php?rest_route=%2Fwp%2Fv2%2Ftags&post=10331"}],"curies":[{"name":"wp","href":"https:\/\/api.w.org\/{rel}","templated":true}]}}