{"id":10327,"date":"2020-08-18T22:34:00","date_gmt":"2020-08-19T04:34:00","guid":{"rendered":"https:\/\/informativoelvalledeaguascalientes.online\/?p=10327"},"modified":"2020-08-18T22:34:09","modified_gmt":"2020-08-19T04:34:09","slug":"lugares-que-integran-ruta-del-vino-reciben-insignia-de-establecimiento-seguro","status":"publish","type":"post","link":"https:\/\/informativoelvalledeaguascalientes.online\/?p=10327","title":{"rendered":"LUGARES QUE INTEGRAN RUTA DEL VINO RECIBEN\u00a0INSIGNIA DE \u201cESTABLECIMIENTO SEGURO\u201d"},"content":{"rendered":"<ul style=\"font-weight: 400;\">\n<li><strong><em>El objetivo es garantizar la salud y tranquilidad de las personas que asistan a los diferentes puntos que integran este nuevo producto tur\u00edstico<\/em><\/strong><\/li>\n<li><strong><em>La Guardia Sanitaria y la Sectur mantienen una vigilancia permanente para asegurar que se cumpla al pie de la letra el protocolo sanitario correspondiente<\/em><\/strong><\/li>\n<li><strong><em>Los asistentes a la Ruta del Vino podr\u00e1n acudir con la certeza y confianza de que se aplicar\u00e1n todas las medidas de sanidad: HMA<\/em><\/strong><\/li>\n<\/ul>\n<p style=\"font-weight: 400;\">Con el prop\u00f3sito de garantizar la salud y tranquilidad de los asistentes a la Ruta del Vino, la Guardia Sanitaria, en coordinaci\u00f3n con la Secretar\u00eda de Turismo, entreg\u00f3 la insignia de \u201cEstablecimiento Seguro\u201d a los lugares que forman parte de este nuevo producto tur\u00edstico, con lo cual se da cumplimiento a los protocolos de sanidad correspondientes.<\/p>\n<p style=\"font-weight: 400;\">Al respecto, el titular de la Sectur, Humberto Montero de Alba, aclar\u00f3 que para el Gobierno del estado la salud de la poblaci\u00f3n es prioritaria, por lo que se est\u00e1 poniendo especial inter\u00e9s en la prevenci\u00f3n y contenci\u00f3n del Covid-19 en todas las actividades que inciden en la vida econ\u00f3mica y social de Aguascalientes.<\/p>\n<p style=\"font-weight: 400;\">En ese sentido, precis\u00f3 que luego de que la Secretar\u00eda de Salud del estado emiti\u00f3 el Protocolo en Materia de Protecci\u00f3n contra Riesgos Sanitarios del Covid-19 para la Ruta del Vino, la Guardia Sanitaria y la Sectur se dieron a la tarea de vigilar que los 16 puntos que contempla este trayecto tur\u00edstico, den cumplimiento a cada una de las medidas establecidas en el referido documento.<\/p>\n<p style=\"font-weight: 400;\">Indic\u00f3 que las pr\u00e1cticas higi\u00e9nico-sanitarias que establece dicho protocolo, se centran fundamentalmente en cinco aspectos b\u00e1sicos de prevenci\u00f3n, que son el uso de cubrebocas, lavado de manos, respeto a la sana distancia, aplicaci\u00f3n de gel y sanitizaci\u00f3n del establecimiento, incluyendo todo el mobiliario y equipo.<\/p>\n<p style=\"font-weight: 400;\">De igual manera, dijo Montero de Alba, se coloc\u00f3 ya la se\u00f1al\u00e9tica correspondiente con informaci\u00f3n acerca de la prevenci\u00f3n del virus; en tanto que durante los eventos se cuidar\u00e1 el aforo en las distintas \u00e1reas; se establecer\u00e1n los filtros necesarios con el registro de temperatura y el uso de tapetes sanitizantes; adem\u00e1s de que se contar\u00e1 con un responsable sanitario que vigile el cumplimiento del protocolo en cada uno de los puntos de la Ruta del Vino, entre otras acciones.<\/p>\n<p style=\"font-weight: 400;\">Por otro lado, precis\u00f3 que no se permitir\u00e1 el acceso a las personas que presenten signos o s\u00edntomas de alg\u00fan malestar en general, principalmente los relacionados con el Covid-19; asimismo, a\u00f1adi\u00f3 que para evitar aglomeraciones, se establecer\u00e1n v\u00edas de entrada y salida para asegurar un flujo ordenado y con respeto a la sana distancia.<\/p>\n<p style=\"font-weight: 400;\">Montero de Alba record\u00f3 que la Ruta del Vino es un nuevo producto tur\u00edstico que est\u00e1 por iniciar, para lo cual se prepar\u00f3 un evento especial que se realizar\u00e1 del 3 al 6 de septiembre con m\u00e1s de 300 actividades simult\u00e1neas en los 16 lugares que incluye el trayecto.<\/p>\n<p style=\"font-weight: 400;\">Finalmente, reiter\u00f3 la invitaci\u00f3n a la poblaci\u00f3n en general para que asistan al arranque de la Ruta del Vino y vivan esta experiencia con la certeza y confianza de que se aplicar\u00e1n todas las medidas higi\u00e9nico-sanitarias para garantizar su salud y seguridad.<\/p>\n","protected":false},"excerpt":{"rendered":"<p>El objetivo es garantizar la salud y tranquilidad de las personas que asistan a los diferentes puntos que integran este nuevo producto tur\u00edstico La Guardia Sanitaria y la Sectur mantienen una vigilancia permanente para asegurar que se cumpla al pie de la letra el protocolo sanitario correspondiente Los asistentes a la Ruta del Vino podr\u00e1n [&hellip;]<\/p>\n","protected":false},"author":1,"featured_media":10328,"comment_status":"closed","ping_status":"open","sticky":false,"template":"","format":"standard","meta":{"advanced_seo_description":"","jetpack_seo_html_title":"","jetpack_seo_noindex":false,"_jetpack_memberships_contains_paid_content":false,"footnotes":"","jetpack_publicize_message":"","jetpack_publicize_feature_enabled":true,"jetpack_social_post_already_shared":true,"jetpack_social_options":{"image_generator_settings":{"template":"highway","default_image_id":0,"font":"","enabled":false},"version":2}},"categories":[21,4],"tags":[22,34],"class_list":["post-10327","post","type-post","status-publish","format-standard","has-post-thumbnail","hentry","category-aguascalientes","category-gobierno-del-estado-aguascalientes","tag-aguascalientes","tag-sectur"],"jetpack_publicize_connections":[],"jetpack_featured_media_url":"https:\/\/i0.wp.com\/informativoelvalledeaguascalientes.online\/wp-content\/uploads\/2020\/08\/sectur_18082020.jpg?fit=929%2C625&ssl=1","jetpack-related-posts":[],"jetpack_sharing_enabled":true,"jetpack_likes_enabled":true,"_links":{"self":[{"href":"https:\/\/informativoelvalledeaguascalientes.online\/index.php?rest_route=\/wp\/v2\/posts\/10327","targetHints":{"allow":["GET"]}}],"collection":[{"href":"https:\/\/informativoelvalledeaguascalientes.online\/index.php?rest_route=\/wp\/v2\/posts"}],"about":[{"href":"https:\/\/informativoelvalledeaguascalientes.online\/index.php?rest_route=\/wp\/v2\/types\/post"}],"author":[{"embeddable":true,"href":"https:\/\/informativoelvalledeaguascalientes.online\/index.php?rest_route=\/wp\/v2\/users\/1"}],"replies":[{"embeddable":true,"href":"https:\/\/informativoelvalledeaguascalientes.online\/index.php?rest_route=%2Fwp%2Fv2%2Fcomments&post=10327"}],"version-history":[{"count":2,"href":"https:\/\/informativoelvalledeaguascalientes.online\/index.php?rest_route=\/wp\/v2\/posts\/10327\/revisions"}],"predecessor-version":[{"id":10330,"href":"https:\/\/informativoelvalledeaguascalientes.online\/index.php?rest_route=\/wp\/v2\/posts\/10327\/revisions\/10330"}],"wp:featuredmedia":[{"embeddable":true,"href":"https:\/\/informativoelvalledeaguascalientes.online\/index.php?rest_route=\/wp\/v2\/media\/10328"}],"wp:attachment":[{"href":"https:\/\/informativoelvalledeaguascalientes.online\/index.php?rest_route=%2Fwp%2Fv2%2Fmedia&parent=10327"}],"wp:term":[{"taxonomy":"category","embeddable":true,"href":"https:\/\/informativoelvalledeaguascalientes.online\/index.php?rest_route=%2Fwp%2Fv2%2Fcategories&post=10327"},{"taxonomy":"post_tag","embeddable":true,"href":"https:\/\/informativoelvalledeaguascalientes.online\/index.php?rest_route=%2Fwp%2Fv2%2Ftags&post=10327"}],"curies":[{"name":"wp","href":"https:\/\/api.w.org\/{rel}","templated":true}]}}