{"id":10318,"date":"2020-08-18T22:22:22","date_gmt":"2020-08-19T04:22:22","guid":{"rendered":"https:\/\/informativoelvalledeaguascalientes.online\/?p=10318"},"modified":"2020-08-18T22:22:22","modified_gmt":"2020-08-19T04:22:22","slug":"alex-sainz-listo-para-el-3er-reto-del-ano-en-fb-y-bohn-mikels-trucks","status":"publish","type":"post","link":"https:\/\/informativoelvalledeaguascalientes.online\/?p=10318","title":{"rendered":"Alex Sainz, listo para el 3er reto del a\u00f1o en FB y BOHN Mikel\u2019s Trucks"},"content":{"rendered":"<p style=\"font-weight: 400;\">Una de las caracter\u00edsticas principales de la categor\u00eda <strong>FB y BOHN Mikel\u2019s Trucks presentado por Sherwin-Williams,<\/strong>\u00a0ha sido la aparici\u00f3n de nuevos talentos en busca de crecer con miras a las categor\u00edas mayores de\u00a0<strong>NASCAR M\u00e9xico<\/strong>. Tal es el caso de Alex Sainz, quien se reporta listo para participar los d\u00edas 19 y 20 de agosto en la tercera fecha de la temporada 2020 en el\u00a0<strong>\u00d3valo Aguascalientes M\u00e9xico<\/strong>.<\/p>\n<p style=\"font-weight: 400;\">\n<p style=\"font-weight: 400;\">Dando un paso importante en su carrera, es como el joven de 16 a\u00f1os, Alex Sainz, ha iniciado su camino en la categor\u00eda de desarrollo m\u00e1s importante de nuestro pa\u00eds, a bordo de la camioneta\u00a0<strong>#77 Xiaomi M\u00e9xico \/ Relx M\u00e9xico \/ MG Consultor\u00eda Aduanal \/ Invespa \/ Haas \/ Bistrot Sainz<\/strong>, ha dejado el kartismo para incorporarse al que se ha convertido en uno de los campeonatos m\u00e1s competitivos en M\u00e9xico.<\/p>\n<p style=\"font-weight: 400;\">\n<p style=\"font-weight: 400;\"><strong><em>\u201cAl principio nos cost\u00f3 un poco de trabajo porque el ritmo es totalmente diferente con el kartismo, pero creo que paso a paso me he podido acomodar a la camioneta y creo que he ido teniendo un mejor rendimiento para buscar el Top-3 de los novatos que es el objetivo trazado para esta temporada\u201d<\/em><\/strong>, expres\u00f3 Sainz.<\/p>\n<p style=\"font-weight: 400;\">\n<p style=\"font-weight: 400;\">El reto ahora se centra en uno de los \u00f3valos m\u00e1s importantes y complicados, con 1.4 kil\u00f3metros de longitud es la pista en donde se desarrollan algunas de las velocidades m\u00e1s altas. Algo para lo que Alejandro se ha preparado junto a su equipo, el\u00a0<strong>ANVI Motorsport<\/strong>.<\/p>\n<p style=\"font-weight: 400;\">\n<p style=\"font-weight: 400;\"><strong><em>\u201cEs uno de los \u00f3valos m\u00e1s r\u00e1pidos de M\u00e9xico, pero creo que tenemos una buena camioneta y el equipo conoce perfectamente esta pista. Por mi parte tendr\u00e9 que adaptarme en las primeras pr\u00e1cticas para conseguir un buen ritmo de carrera y pelear por el Top-5 que nos hemos fijado para la competencia\u201d<\/em><\/strong>, finaliz\u00f3 el piloto.<\/p>\n<p style=\"font-weight: 400;\">\n<p style=\"font-weight: 400;\">Con triple sesi\u00f3n de pr\u00e1cticas, calificaci\u00f3n y competencia a 100 vueltas o 70 minutos ser\u00e1 la actividad que tendr\u00e1 Alex Sainz en el\u00a0<strong>\u00d3valo Aguascalientes M\u00e9xico<\/strong>; todo esto los d\u00edas 19 y 20 de agosto a puerta cerrada, como parte de la tercera fecha de\u00a0<strong>FB y BOHN Mikel\u2019s Trucks<\/strong>\u00a0<strong>presentado por Sherwin-Williams<\/strong>\u00a0dentro del programa de\u00a0<strong>NASCAR PEAK M\u00e9xico Series<\/strong>.<\/p>\n","protected":false},"excerpt":{"rendered":"<p>Una de las caracter\u00edsticas principales de la categor\u00eda FB y BOHN Mikel\u2019s Trucks presentado por Sherwin-Williams,\u00a0ha sido la aparici\u00f3n de nuevos talentos en busca de crecer con miras a las categor\u00edas mayores de\u00a0NASCAR M\u00e9xico. Tal es el caso de Alex Sainz, quien se reporta listo para participar los d\u00edas 19 y 20 de agosto en [&hellip;]<\/p>\n","protected":false},"author":1,"featured_media":10319,"comment_status":"closed","ping_status":"open","sticky":false,"template":"","format":"standard","meta":{"advanced_seo_description":"","jetpack_seo_html_title":"","jetpack_seo_noindex":false,"_jetpack_memberships_contains_paid_content":false,"footnotes":"","jetpack_publicize_message":"","jetpack_publicize_feature_enabled":true,"jetpack_social_post_already_shared":true,"jetpack_social_options":{"image_generator_settings":{"template":"highway","default_image_id":0,"font":"","enabled":false},"version":2}},"categories":[21,19],"tags":[22,195],"class_list":["post-10318","post","type-post","status-publish","format-standard","has-post-thumbnail","hentry","category-aguascalientes","category-informacion-general","tag-aguascalientes","tag-nascar-mexico"],"jetpack_publicize_connections":[],"jetpack_featured_media_url":"https:\/\/i0.wp.com\/informativoelvalledeaguascalientes.online\/wp-content\/uploads\/2020\/08\/nascar_alex_18082020.jpg?fit=1113%2C625&ssl=1","jetpack-related-posts":[],"jetpack_sharing_enabled":true,"jetpack_likes_enabled":true,"_links":{"self":[{"href":"https:\/\/informativoelvalledeaguascalientes.online\/index.php?rest_route=\/wp\/v2\/posts\/10318","targetHints":{"allow":["GET"]}}],"collection":[{"href":"https:\/\/informativoelvalledeaguascalientes.online\/index.php?rest_route=\/wp\/v2\/posts"}],"about":[{"href":"https:\/\/informativoelvalledeaguascalientes.online\/index.php?rest_route=\/wp\/v2\/types\/post"}],"author":[{"embeddable":true,"href":"https:\/\/informativoelvalledeaguascalientes.online\/index.php?rest_route=\/wp\/v2\/users\/1"}],"replies":[{"embeddable":true,"href":"https:\/\/informativoelvalledeaguascalientes.online\/index.php?rest_route=%2Fwp%2Fv2%2Fcomments&post=10318"}],"version-history":[{"count":1,"href":"https:\/\/informativoelvalledeaguascalientes.online\/index.php?rest_route=\/wp\/v2\/posts\/10318\/revisions"}],"predecessor-version":[{"id":10320,"href":"https:\/\/informativoelvalledeaguascalientes.online\/index.php?rest_route=\/wp\/v2\/posts\/10318\/revisions\/10320"}],"wp:featuredmedia":[{"embeddable":true,"href":"https:\/\/informativoelvalledeaguascalientes.online\/index.php?rest_route=\/wp\/v2\/media\/10319"}],"wp:attachment":[{"href":"https:\/\/informativoelvalledeaguascalientes.online\/index.php?rest_route=%2Fwp%2Fv2%2Fmedia&parent=10318"}],"wp:term":[{"taxonomy":"category","embeddable":true,"href":"https:\/\/informativoelvalledeaguascalientes.online\/index.php?rest_route=%2Fwp%2Fv2%2Fcategories&post=10318"},{"taxonomy":"post_tag","embeddable":true,"href":"https:\/\/informativoelvalledeaguascalientes.online\/index.php?rest_route=%2Fwp%2Fv2%2Ftags&post=10318"}],"curies":[{"name":"wp","href":"https:\/\/api.w.org\/{rel}","templated":true}]}}