{"id":10306,"date":"2020-08-18T22:07:19","date_gmt":"2020-08-19T04:07:19","guid":{"rendered":"https:\/\/informativoelvalledeaguascalientes.online\/?p=10306"},"modified":"2020-08-18T22:07:19","modified_gmt":"2020-08-19T04:07:19","slug":"llama-nuevamente-el-sector-salud-a-acudir-ante-los-primeros-sintomas-por-covid-19","status":"publish","type":"post","link":"https:\/\/informativoelvalledeaguascalientes.online\/?p=10306","title":{"rendered":"LLAMA NUEVAMENTE EL SECTOR SALUD A ACUDIR ANTE LOS\u00a0 PRIMEROS S\u00cdNTOMAS POR COVID-19\u00a0"},"content":{"rendered":"<ul>\n<li dir=\"ltr\">\n<p dir=\"ltr\">De acuerdo con las \u00e1reas de urgencias del sector salud, el 30 por ciento de los pacientes que acuden para solicitar atenci\u00f3n m\u00e9dica, presentan cuadros graves de insuficiencia respiratoria.<\/p>\n<\/li>\n<li dir=\"ltr\">\n<p dir=\"ltr\">En los \u00faltimos registros, el sector salud report\u00f3 60 nuevos casos positivos por Coronavirus.<\/p>\n<\/li>\n<\/ul>\n<p>&nbsp;<\/p>\n<p dir=\"ltr\">La Secretar\u00eda de Salud del estado reitera el llamado a la sociedad aguascalentense a que ante los primeros s\u00edntomas por Coronavirus que se presenten, acudan de manera inmediata a recibir atenci\u00f3n m\u00e9dica en el centro de salud al cual se tenga derechohabiencia, ya sea del Instituto Mexicano del Seguro Social, el Centenario Hospital Miguel Hidalgo o bien, el Instituto de Seguridad y Servicios Sociales de los Trabajadores del estado.<\/p>\n<p>&nbsp;<\/p>\n<p dir=\"ltr\">Este exhorto se hace ya que de acuerdo con indicadores de las \u00e1reas de urgencias del sector salud, el 30 por ciento de los pacientes diagnosticados por SARS-CoV-2 que acuden para solicitar atenci\u00f3n m\u00e9dica, presentan cuadros graves de insuficiencia respiratoria y requieren de equipos artificiales como ventiladores.<\/p>\n<p>&nbsp;<\/p>\n<p dir=\"ltr\">Por ello, el ISSEA invita a la poblaci\u00f3n a solicitar atenci\u00f3n m\u00e9dica de manera oportuna ante cualquier signo que presente, pues estos indicios no deben desestimarse de manera personal, sino ser valorados por personal m\u00e9dico.<\/p>\n<p>&nbsp;<\/p>\n<p dir=\"ltr\">En lo que respecta al informe t\u00e9cnico sobre el comportamiento epidemiol\u00f3gico, se reportan que al \u00faltimo corte se sumaron 60 nuevos contagios por SARS-CoV-2, cuyos incrementos se presentaron en la ciudad capital, San Francisco de los Romo, Cos\u00edo y Jes\u00fas Mar\u00eda, con lo cual se contabiliza un acumulado de 6 mil 323 casos positivos desde el inicio de la emergencia sanitaria.<\/p>\n<p>&nbsp;<\/p>\n<p dir=\"ltr\">Asimismo, se agregaron 102 personas que dieron negativo tras la aplicaci\u00f3n de su prueba PCR -acumulando 15 mil 638-, 352 que est\u00e1n en espera de una valoraci\u00f3n y cinco decesos m\u00e1s; con ello, se actualiz\u00f3 la cifra de personas revisadas a un total de 22 mil 313.<\/p>\n<p>&nbsp;<\/p>\n<p dir=\"ltr\">Sobre los pacientes que actualmente est\u00e1n en confinamiento, se reportan 831 como \u201cactivos\u201d, de los cuales, 103 est\u00e1n con un estado de salud grave y 68 muy grave, quienes adem\u00e1s, est\u00e1n hospitalizados en su mayor\u00eda en nosocomios del Seguro Social, el Centenario Hospital Miguel Hidalgo e ISSSTE.<\/p>\n","protected":false},"excerpt":{"rendered":"<p>De acuerdo con las \u00e1reas de urgencias del sector salud, el 30 por ciento de los pacientes que acuden para solicitar atenci\u00f3n m\u00e9dica, presentan cuadros graves de insuficiencia respiratoria. En los \u00faltimos registros, el sector salud report\u00f3 60 nuevos casos positivos por Coronavirus. &nbsp; La Secretar\u00eda de Salud del estado reitera el llamado a la [&hellip;]<\/p>\n","protected":false},"author":1,"featured_media":10307,"comment_status":"closed","ping_status":"open","sticky":false,"template":"","format":"standard","meta":{"advanced_seo_description":"","jetpack_seo_html_title":"","jetpack_seo_noindex":false,"_jetpack_memberships_contains_paid_content":false,"footnotes":"","jetpack_publicize_message":"","jetpack_publicize_feature_enabled":true,"jetpack_social_post_already_shared":true,"jetpack_social_options":{"image_generator_settings":{"template":"highway","default_image_id":0,"font":"","enabled":false},"version":2}},"categories":[21,4],"tags":[22,30],"class_list":["post-10306","post","type-post","status-publish","format-standard","has-post-thumbnail","hentry","category-aguascalientes","category-gobierno-del-estado-aguascalientes","tag-aguascalientes","tag-issea"],"jetpack_publicize_connections":[],"jetpack_featured_media_url":"https:\/\/i0.wp.com\/informativoelvalledeaguascalientes.online\/wp-content\/uploads\/2020\/08\/issea_18082020.jpg?fit=352%2C625&ssl=1","jetpack-related-posts":[],"jetpack_sharing_enabled":true,"jetpack_likes_enabled":true,"_links":{"self":[{"href":"https:\/\/informativoelvalledeaguascalientes.online\/index.php?rest_route=\/wp\/v2\/posts\/10306","targetHints":{"allow":["GET"]}}],"collection":[{"href":"https:\/\/informativoelvalledeaguascalientes.online\/index.php?rest_route=\/wp\/v2\/posts"}],"about":[{"href":"https:\/\/informativoelvalledeaguascalientes.online\/index.php?rest_route=\/wp\/v2\/types\/post"}],"author":[{"embeddable":true,"href":"https:\/\/informativoelvalledeaguascalientes.online\/index.php?rest_route=\/wp\/v2\/users\/1"}],"replies":[{"embeddable":true,"href":"https:\/\/informativoelvalledeaguascalientes.online\/index.php?rest_route=%2Fwp%2Fv2%2Fcomments&post=10306"}],"version-history":[{"count":1,"href":"https:\/\/informativoelvalledeaguascalientes.online\/index.php?rest_route=\/wp\/v2\/posts\/10306\/revisions"}],"predecessor-version":[{"id":10308,"href":"https:\/\/informativoelvalledeaguascalientes.online\/index.php?rest_route=\/wp\/v2\/posts\/10306\/revisions\/10308"}],"wp:featuredmedia":[{"embeddable":true,"href":"https:\/\/informativoelvalledeaguascalientes.online\/index.php?rest_route=\/wp\/v2\/media\/10307"}],"wp:attachment":[{"href":"https:\/\/informativoelvalledeaguascalientes.online\/index.php?rest_route=%2Fwp%2Fv2%2Fmedia&parent=10306"}],"wp:term":[{"taxonomy":"category","embeddable":true,"href":"https:\/\/informativoelvalledeaguascalientes.online\/index.php?rest_route=%2Fwp%2Fv2%2Fcategories&post=10306"},{"taxonomy":"post_tag","embeddable":true,"href":"https:\/\/informativoelvalledeaguascalientes.online\/index.php?rest_route=%2Fwp%2Fv2%2Ftags&post=10306"}],"curies":[{"name":"wp","href":"https:\/\/api.w.org\/{rel}","templated":true}]}}