{"id":10296,"date":"2020-08-17T22:04:35","date_gmt":"2020-08-18T04:04:35","guid":{"rendered":"https:\/\/informativoelvalledeaguascalientes.online\/?p=10296"},"modified":"2020-08-17T22:04:35","modified_gmt":"2020-08-18T04:04:35","slug":"abre-convocatoria-al-primer-concurso-infantil-de-dibujo-los-ninos-por-la-movilidad","status":"publish","type":"post","link":"https:\/\/informativoelvalledeaguascalientes.online\/?p=10296","title":{"rendered":"ABRE CONVOCATORIA AL PRIMER CONCURSO INFANTIL DE DIBUJO \u201cLOS NI\u00d1OS POR LA MOVILIDAD\u201d"},"content":{"rendered":"<p>Con el objetivo de promover actitudes y valores en los ni\u00f1os y sus familias en materia de movilidad, la Alcald\u00eda de la Bicicleta en Aguascalientes y el Instituto de Investigaciones y Proyectos Urbanos, Ambientales y Sociales A.C., con apoyo del Municipio de Aguascalientes,\u00a0 convocan al primer concurso infantil de dibujo \u00abLos ni\u00f1os por la movilidad\u00bb.<\/p>\n<p>Podr\u00e1n participar todos los menores de entre 7 y 12 a\u00f1os de edad con dibujos relacionados a la movilidad, mismos que podr\u00e1n ser entregados en cualquiera de los siguientes lugares del 22 de agosto al 15 de septiembre 2020:<\/p>\n<p><strong><br \/>\nBicicletas y partes Abel:\u00a0<\/strong>Calle Guadalupe #109 esq. Gorostiza, Barrio de Guadalupe<br \/>\n<strong>Lifex Store:\u00a0<\/strong>Av. Convenci\u00f3n sur #403, Jardines de la Asunci\u00f3n.<br \/>\n<strong>Aguas Bike:\u00a0<\/strong>Prolongaci\u00f3n Zaragoza #1724, Fracc Arboledas<br \/>\n<strong>Evolution Bike:\u00a0<\/strong>Canal Interceptor #1922 Fracc Arboledas<br \/>\n<strong>Mini Bike:\u00a0<\/strong>Av. Mariano Hidalgo #1232 Morelos II<br \/>\n<strong>Bici C\u00f3ndor:\u00a0<\/strong>Av. De los Maestros #3801 Fracc. Jos\u00e9 L\u00f3pez Portillo<\/p>\n<p>Los ganadores se elegir\u00e1n mediante un jurado integrado por colaboradores y organizadores del concurso.\u00a0A los primeros 100 dibujos se les entregar\u00e1 una placa reflejante para bicicleta con la leyenda \u201cYo soy un auto menos\u201d y Aguascalientes en 2 ruedas\u201d, mientras que para los primeros lugares los premios ser\u00e1n los siguientes:<\/p>\n<ul>\n<li>1\u00b0 lugar ni\u00f1a una bicicleta rodada 20\u201d tipo BMX<\/li>\n<li>1\u00b0 lugar ni\u00f1o una bicicleta rodada 20\u201d tipo BMX<\/li>\n<li>2\u00b0, 3\u00b0,4\u00b0 y 5\u00b0 lugares 1 pat\u00edn del diablo<\/li>\n<\/ul>\n<p>La fecha de premiaci\u00f3n ser\u00e1 el 22 de septiembre del 2020 en la ciclov\u00eda de la calle Madero esquina con Morelos, zona centro en punto de las 13:00 horas.<\/p>\n<p>Para mayores informes puede comunicarse al tel\u00e9fono 449 223 38 97.<\/p>\n","protected":false},"excerpt":{"rendered":"<p>Con el objetivo de promover actitudes y valores en los ni\u00f1os y sus familias en materia de movilidad, la Alcald\u00eda de la Bicicleta en Aguascalientes y el Instituto de Investigaciones y Proyectos Urbanos, Ambientales y Sociales A.C., con apoyo del Municipio de Aguascalientes,\u00a0 convocan al primer concurso infantil de dibujo \u00abLos ni\u00f1os por la movilidad\u00bb. [&hellip;]<\/p>\n","protected":false},"author":1,"featured_media":10297,"comment_status":"closed","ping_status":"open","sticky":false,"template":"","format":"standard","meta":{"advanced_seo_description":"","jetpack_seo_html_title":"","jetpack_seo_noindex":false,"_jetpack_memberships_contains_paid_content":false,"footnotes":"","jetpack_publicize_message":"","jetpack_publicize_feature_enabled":true,"jetpack_social_post_already_shared":true,"jetpack_social_options":{"image_generator_settings":{"template":"highway","default_image_id":0,"font":"","enabled":false},"version":2}},"categories":[21,3],"tags":[22],"class_list":["post-10296","post","type-post","status-publish","format-standard","has-post-thumbnail","hentry","category-aguascalientes","category-municipio-aguascalientes","tag-aguascalientes"],"jetpack_publicize_connections":[],"jetpack_featured_media_url":"https:\/\/i0.wp.com\/informativoelvalledeaguascalientes.online\/wp-content\/uploads\/2020\/08\/WhatsApp-Image-2020-08-17-at-13.36.04-1.jpeg?fit=1274%2C1280&ssl=1","jetpack-related-posts":[],"jetpack_sharing_enabled":true,"jetpack_likes_enabled":true,"_links":{"self":[{"href":"https:\/\/informativoelvalledeaguascalientes.online\/index.php?rest_route=\/wp\/v2\/posts\/10296","targetHints":{"allow":["GET"]}}],"collection":[{"href":"https:\/\/informativoelvalledeaguascalientes.online\/index.php?rest_route=\/wp\/v2\/posts"}],"about":[{"href":"https:\/\/informativoelvalledeaguascalientes.online\/index.php?rest_route=\/wp\/v2\/types\/post"}],"author":[{"embeddable":true,"href":"https:\/\/informativoelvalledeaguascalientes.online\/index.php?rest_route=\/wp\/v2\/users\/1"}],"replies":[{"embeddable":true,"href":"https:\/\/informativoelvalledeaguascalientes.online\/index.php?rest_route=%2Fwp%2Fv2%2Fcomments&post=10296"}],"version-history":[{"count":1,"href":"https:\/\/informativoelvalledeaguascalientes.online\/index.php?rest_route=\/wp\/v2\/posts\/10296\/revisions"}],"predecessor-version":[{"id":10298,"href":"https:\/\/informativoelvalledeaguascalientes.online\/index.php?rest_route=\/wp\/v2\/posts\/10296\/revisions\/10298"}],"wp:featuredmedia":[{"embeddable":true,"href":"https:\/\/informativoelvalledeaguascalientes.online\/index.php?rest_route=\/wp\/v2\/media\/10297"}],"wp:attachment":[{"href":"https:\/\/informativoelvalledeaguascalientes.online\/index.php?rest_route=%2Fwp%2Fv2%2Fmedia&parent=10296"}],"wp:term":[{"taxonomy":"category","embeddable":true,"href":"https:\/\/informativoelvalledeaguascalientes.online\/index.php?rest_route=%2Fwp%2Fv2%2Fcategories&post=10296"},{"taxonomy":"post_tag","embeddable":true,"href":"https:\/\/informativoelvalledeaguascalientes.online\/index.php?rest_route=%2Fwp%2Fv2%2Ftags&post=10296"}],"curies":[{"name":"wp","href":"https:\/\/api.w.org\/{rel}","templated":true}]}}