{"id":10293,"date":"2020-08-17T21:54:33","date_gmt":"2020-08-18T03:54:33","guid":{"rendered":"https:\/\/informativoelvalledeaguascalientes.online\/?p=10293"},"modified":"2020-08-17T21:56:05","modified_gmt":"2020-08-18T03:56:05","slug":"memo-alaniz-exhorto-a-todos-los-ciudadanos-a-seguir-acatando-las-recomendaciones-de-las-autoridades-de-salud","status":"publish","type":"post","link":"https:\/\/informativoelvalledeaguascalientes.online\/?p=10293","title":{"rendered":"Memo Alaniz exhort\u00f3 a todos los ciudadanos a seguir acatando las recomendaciones de las autoridades de salud"},"content":{"rendered":"<p style=\"font-weight: 400;\">Mientras la curva de contagios por coronavirus no se aplane, en el Congreso del Estado se mantendr\u00e1n las medidas sanitarias a fin de evitar la propagaci\u00f3n del covid-19 entre el personal, asegur\u00f3 el vicepresidente de la Diputaci\u00f3n Permanente, Juan Guillermo Alaniz de Le\u00f3n, quien manifest\u00f3 que la prioridad es garantizar la salud de los trabajadores.<\/p>\n<p style=\"font-weight: 400;\">&#8220;Seguimos con los filtros sanitarios; a cada persona que ingresa a cualquiera de los edificios del Palacio Legislativo se le pide que use el cubrebocas, se le toma la temperatura, se le brinda gel antibacterial y se le sanitiza&#8221; manifest\u00f3 al respecto.<\/p>\n<p style=\"font-weight: 400;\">Asimismo, el legislador se\u00f1al\u00f3 que hasta el momento no se tiene registro de alg\u00fan brote de covid-19 al interior del Congreso del Estado, sin embargo todas las \u00e1reas son monitoreadas diariamente.<\/p>\n<p style=\"font-weight: 400;\">Finalmente, Memo Alaniz exhort\u00f3 a todos los ciudadanos a seguir acatando las recomendaciones de las autoridades de salud, y a cuidar a personas vulnerables como adultos mayores o aquellas con alg\u00fan padecimiento.<\/p>\n<p style=\"font-weight: 400;\">\n","protected":false},"excerpt":{"rendered":"<p>Mientras la curva de contagios por coronavirus no se aplane, en el Congreso del Estado se mantendr\u00e1n las medidas sanitarias a fin de evitar la propagaci\u00f3n del covid-19 entre el personal, asegur\u00f3 el vicepresidente de la Diputaci\u00f3n Permanente, Juan Guillermo Alaniz de Le\u00f3n, quien manifest\u00f3 que la prioridad es garantizar la salud de los trabajadores. [&hellip;]<\/p>\n","protected":false},"author":1,"featured_media":8764,"comment_status":"closed","ping_status":"open","sticky":false,"template":"","format":"standard","meta":{"advanced_seo_description":"","jetpack_seo_html_title":"","jetpack_seo_noindex":false,"_jetpack_memberships_contains_paid_content":false,"footnotes":"","jetpack_publicize_message":"","jetpack_publicize_feature_enabled":true,"jetpack_social_post_already_shared":true,"jetpack_social_options":{"image_generator_settings":{"template":"highway","default_image_id":0,"font":"","enabled":false},"version":2}},"categories":[21,5,7],"tags":[22,23],"class_list":["post-10293","post","type-post","status-publish","format-standard","has-post-thumbnail","hentry","category-aguascalientes","category-h-congreso-del-estado-aguascalientes","category-pan-aguascalientes","tag-aguascalientes","tag-pan-aguascalientes"],"jetpack_publicize_connections":[],"jetpack_featured_media_url":"https:\/\/i0.wp.com\/informativoelvalledeaguascalientes.online\/wp-content\/uploads\/2020\/07\/memo_hcea_perm_08072020.jpg?fit=873%2C582&ssl=1","jetpack-related-posts":[],"jetpack_sharing_enabled":true,"jetpack_likes_enabled":true,"_links":{"self":[{"href":"https:\/\/informativoelvalledeaguascalientes.online\/index.php?rest_route=\/wp\/v2\/posts\/10293","targetHints":{"allow":["GET"]}}],"collection":[{"href":"https:\/\/informativoelvalledeaguascalientes.online\/index.php?rest_route=\/wp\/v2\/posts"}],"about":[{"href":"https:\/\/informativoelvalledeaguascalientes.online\/index.php?rest_route=\/wp\/v2\/types\/post"}],"author":[{"embeddable":true,"href":"https:\/\/informativoelvalledeaguascalientes.online\/index.php?rest_route=\/wp\/v2\/users\/1"}],"replies":[{"embeddable":true,"href":"https:\/\/informativoelvalledeaguascalientes.online\/index.php?rest_route=%2Fwp%2Fv2%2Fcomments&post=10293"}],"version-history":[{"count":2,"href":"https:\/\/informativoelvalledeaguascalientes.online\/index.php?rest_route=\/wp\/v2\/posts\/10293\/revisions"}],"predecessor-version":[{"id":10295,"href":"https:\/\/informativoelvalledeaguascalientes.online\/index.php?rest_route=\/wp\/v2\/posts\/10293\/revisions\/10295"}],"wp:featuredmedia":[{"embeddable":true,"href":"https:\/\/informativoelvalledeaguascalientes.online\/index.php?rest_route=\/wp\/v2\/media\/8764"}],"wp:attachment":[{"href":"https:\/\/informativoelvalledeaguascalientes.online\/index.php?rest_route=%2Fwp%2Fv2%2Fmedia&parent=10293"}],"wp:term":[{"taxonomy":"category","embeddable":true,"href":"https:\/\/informativoelvalledeaguascalientes.online\/index.php?rest_route=%2Fwp%2Fv2%2Fcategories&post=10293"},{"taxonomy":"post_tag","embeddable":true,"href":"https:\/\/informativoelvalledeaguascalientes.online\/index.php?rest_route=%2Fwp%2Fv2%2Ftags&post=10293"}],"curies":[{"name":"wp","href":"https:\/\/api.w.org\/{rel}","templated":true}]}}