{"id":10281,"date":"2020-08-17T16:32:05","date_gmt":"2020-08-17T22:32:05","guid":{"rendered":"https:\/\/informativoelvalledeaguascalientes.online\/?p=10281"},"modified":"2020-08-17T16:32:05","modified_gmt":"2020-08-17T22:32:05","slug":"capacitara-sipinna-nacional-a-servidores-publicos-del-estado-en-materia-de-justicia-para-adolescentes","status":"publish","type":"post","link":"https:\/\/informativoelvalledeaguascalientes.online\/?p=10281","title":{"rendered":"CAPACITAR\u00c1 SIPINNA NACIONAL A SERVIDORES P\u00daBLICOS DEL ESTADO EN MATERIA DE JUSTICIA PARA ADOLESCENTES"},"content":{"rendered":"<ul>\n<li style=\"font-weight: 400;\"><strong><em>El objetivo es sensibilizarlos sobre la protecci\u00f3n de los derechos de adolescentes que est\u00e9n en conflicto con la Ley<\/em><\/strong><\/li>\n<li style=\"font-weight: 400;\"><strong><em>El Subcomit\u00e9 de Justicia para Adolescentes busca contribuir a la reintegraci\u00f3n social y familiar<\/em><\/strong><\/li>\n<\/ul>\n<p style=\"font-weight: 400;\"><strong><em>\u00a0<\/em><\/strong><\/p>\n<p style=\"font-weight: 400;\">Para acordar la capacitaci\u00f3n en materia de protecci\u00f3n de los derechos de adolescentes que est\u00e9n en conflicto con la Ley a servidores p\u00fablicos estatales,\u00a0 el subsecretario de Gobierno, Manuel Cortina Reynoso, presidi\u00f3 la reuni\u00f3n del Subcomit\u00e9 de Justicia para Adolescentes, en la que particip\u00f3 de manera virtual el\u00a0 secretario ejecutivo nacional del Sistema de Protecci\u00f3n Integral de los Derechos de las Ni\u00f1as, Ni\u00f1os y Adolescentes (Sipinna), Ricardo Bucio M\u00fajica.<\/p>\n<p style=\"font-weight: 400;\">\n<p style=\"font-weight: 400;\">Durante la reuni\u00f3n de dicho subcomit\u00e9, que est\u00e1 presidido por la titular del Secretariado Ejecutivo del Sistema Estatal de Seguridad P\u00fablica, Judith L\u00f3pez G\u00e1mez, y conformado por el Supremo Tribunal de Justicia del Estado (STJE), la Fiscal\u00eda General del Estado, el Poder Legislativo, Sipinna Aguascalientes, entre otras entidades, se detall\u00f3 que la capacitaci\u00f3n estar\u00e1 focalizada en acciones y protocolos de prevenci\u00f3n, procuraci\u00f3n e impartici\u00f3n de justicia para adolescentes.<\/p>\n<p style=\"font-weight: 400;\">\n<p style=\"font-weight: 400;\">Cortina Reynoso agradeci\u00f3 la colaboraci\u00f3n y esfuerzo de todas las instancias reunidas, con el fin de continuar trabajando en lineamientos y directrices que garanticen el inter\u00e9s superior de la ni\u00f1ez, la protecci\u00f3n integral, y la reintegraci\u00f3n social y familiar, como ejes rectores del sistema de justicia para adolescentes.<\/p>\n<p style=\"font-weight: 400;\">\n<p style=\"font-weight: 400;\">El funcionario estatal refiri\u00f3 que es importante un seguimiento adecuado a las y los adolescentes que puedan estar en conflicto con la ley penal, con un compromiso para orientar los esfuerzos para garantizarles m\u00e1s oportunidades para que mejoren sus condiciones de vida.<\/p>\n<p style=\"font-weight: 400;\">\n<p style=\"font-weight: 400;\">Tambi\u00e9n participaron en esta reuni\u00f3n la titular del STJE, Gabriela Espinosa Castorena; el fiscal Jes\u00fas Figueroa Ortega; la diputada Karina Eudave Delgado, secretaria de la comisi\u00f3n de Justicia del Congreso del Estado; la secretaria ejecutiva de Sipinna Aguascalientes, Adriana Jurado Valadez; entre otras autoridades.<\/p>\n<p style=\"font-weight: 400;\">\n","protected":false},"excerpt":{"rendered":"<p>El objetivo es sensibilizarlos sobre la protecci\u00f3n de los derechos de adolescentes que est\u00e9n en conflicto con la Ley El Subcomit\u00e9 de Justicia para Adolescentes busca contribuir a la reintegraci\u00f3n social y familiar \u00a0 Para acordar la capacitaci\u00f3n en materia de protecci\u00f3n de los derechos de adolescentes que est\u00e9n en conflicto con la Ley a [&hellip;]<\/p>\n","protected":false},"author":1,"featured_media":10282,"comment_status":"closed","ping_status":"open","sticky":false,"template":"","format":"standard","meta":{"advanced_seo_description":"","jetpack_seo_html_title":"","jetpack_seo_noindex":false,"_jetpack_memberships_contains_paid_content":false,"footnotes":"","jetpack_publicize_message":"","jetpack_publicize_feature_enabled":true,"jetpack_social_post_already_shared":true,"jetpack_social_options":{"image_generator_settings":{"template":"highway","default_image_id":0,"font":"","enabled":false},"version":2}},"categories":[21,4],"tags":[22,51,64],"class_list":["post-10281","post","type-post","status-publish","format-standard","has-post-thumbnail","hentry","category-aguascalientes","category-gobierno-del-estado-aguascalientes","tag-aguascalientes","tag-seggob","tag-sipinna"],"jetpack_publicize_connections":[],"jetpack_featured_media_url":"https:\/\/i0.wp.com\/informativoelvalledeaguascalientes.online\/wp-content\/uploads\/2020\/08\/WhatsApp-Image-2020-08-14-at-3.23.54-PM-1.jpeg?fit=1280%2C853&ssl=1","jetpack-related-posts":[],"jetpack_sharing_enabled":true,"jetpack_likes_enabled":true,"_links":{"self":[{"href":"https:\/\/informativoelvalledeaguascalientes.online\/index.php?rest_route=\/wp\/v2\/posts\/10281","targetHints":{"allow":["GET"]}}],"collection":[{"href":"https:\/\/informativoelvalledeaguascalientes.online\/index.php?rest_route=\/wp\/v2\/posts"}],"about":[{"href":"https:\/\/informativoelvalledeaguascalientes.online\/index.php?rest_route=\/wp\/v2\/types\/post"}],"author":[{"embeddable":true,"href":"https:\/\/informativoelvalledeaguascalientes.online\/index.php?rest_route=\/wp\/v2\/users\/1"}],"replies":[{"embeddable":true,"href":"https:\/\/informativoelvalledeaguascalientes.online\/index.php?rest_route=%2Fwp%2Fv2%2Fcomments&post=10281"}],"version-history":[{"count":1,"href":"https:\/\/informativoelvalledeaguascalientes.online\/index.php?rest_route=\/wp\/v2\/posts\/10281\/revisions"}],"predecessor-version":[{"id":10283,"href":"https:\/\/informativoelvalledeaguascalientes.online\/index.php?rest_route=\/wp\/v2\/posts\/10281\/revisions\/10283"}],"wp:featuredmedia":[{"embeddable":true,"href":"https:\/\/informativoelvalledeaguascalientes.online\/index.php?rest_route=\/wp\/v2\/media\/10282"}],"wp:attachment":[{"href":"https:\/\/informativoelvalledeaguascalientes.online\/index.php?rest_route=%2Fwp%2Fv2%2Fmedia&parent=10281"}],"wp:term":[{"taxonomy":"category","embeddable":true,"href":"https:\/\/informativoelvalledeaguascalientes.online\/index.php?rest_route=%2Fwp%2Fv2%2Fcategories&post=10281"},{"taxonomy":"post_tag","embeddable":true,"href":"https:\/\/informativoelvalledeaguascalientes.online\/index.php?rest_route=%2Fwp%2Fv2%2Ftags&post=10281"}],"curies":[{"name":"wp","href":"https:\/\/api.w.org\/{rel}","templated":true}]}}