{"id":10273,"date":"2020-08-17T16:06:37","date_gmt":"2020-08-17T22:06:37","guid":{"rendered":"https:\/\/informativoelvalledeaguascalientes.online\/?p=10273"},"modified":"2020-08-17T16:06:37","modified_gmt":"2020-08-17T22:06:37","slug":"carlos-estrada-valdez-fue-designado-delegado-con-funciones-de-presidente-de-la-cnc","status":"publish","type":"post","link":"https:\/\/informativoelvalledeaguascalientes.online\/?p=10273","title":{"rendered":"CARLOS ESTRADA VALDEZ FUE DESIGNADO DELEGADO CON FUNCIONES DE PRESIDENTE DE LA CNC"},"content":{"rendered":"<p style=\"font-weight: 400;\">Este domingo fue designado como delegado con funciones de presidente de la CNC, Carlos Estrada Valdez, por parte del diputado federal, Ismael Hern\u00e1ndez Deras, presidente del Comit\u00e9 Ejecutivo Nacional de la liga de comunidades agrarias, sindicatos y organizaciones campesinas.<\/p>\n<p style=\"font-weight: 400;\">\n<p style=\"font-weight: 400;\">Con el mayor cuidado y protecci\u00f3n ante la contingencia sanitaria del Coronavirus, con un n\u00famero simb\u00f3lico de personas en la sede de la CNC en Aguascalientes, la\u00a0secretaria General\u00a0del Comit\u00e9 Ejecutivo Nacional (CEN) de la Confederaci\u00f3n Nacional Campesina (CNC), Mar\u00eda\u00a0Sof\u00eda Valencia, dio posesi\u00f3n al nuevo dirigente de la central campesina en el estado, en sustituci\u00f3n de David N\u00e1jera Moreno, a quien le agradecieron por su trabajo y su lucha incansable a favor del campo de Aguascalientes.<\/p>\n<p style=\"font-weight: 400;\">\n<p style=\"font-weight: 400;\">\u201cDentro del marco de lo que la propia legalidad nos permite y las atribuciones de nuestro presidente del CEN, Ismael Hern\u00e1ndez Deras, son 12 Estados en los que se est\u00e1n revisando y actualizando estructuras. En Aguascalientes queremos tener nuestra estructura organizada para el pr\u00f3ximo proceso electoral, David N\u00e1jera cumpli\u00f3 desde hace 1 a\u00f1o su responsabilidad dentro de la liga de comunidades agrarias, confiamos que despu\u00e9s de marzo si el tiempo nos diera para lanzar la convocatoria estar\u00edamos en condiciones de emitirla\u201d.<\/p>\n<p style=\"font-weight: 400;\">\n<p style=\"font-weight: 400;\">Por su parte Carlos Estrada Valdez, despu\u00e9s de recibir el nombramiento agradeci\u00f3 la estafeta entregada y el respaldo en sustituci\u00f3n de David N\u00e1jera Moreno, se comprometi\u00f3 a trabajar de manera intensa por la CNC, y los compa\u00f1eros campesinos de Aguascalientes.<\/p>\n<p style=\"font-weight: 400;\">\n<p style=\"font-weight: 400;\">\u201cGracias por la oportunidad de conducir los destinos de la organizaci\u00f3n, decirles que agradezco y valoramos el trabajo de David N\u00e1jera, agradezco la confianza del CEN de la CNC, y decirles que hago el compromiso de continuar con el trabajo de dignificar la labor en beneficio de los campesinos de nuestro Estado. Los invito a que me ayuden a trabajar mientras el tiempo y las circunstancias as\u00ed lo permitan, sabr\u00e9 respetar los lineamientos que desde el CEN mandaten\u201d.<\/p>\n<p style=\"font-weight: 400;\">\n<p style=\"font-weight: 400;\">Al evento acudieron adem\u00e1s del ex dirigente de la CNC, Pilar Moreno Montoya, el presidente de la Fundaci\u00f3n Colosio A.C. en el Estado, Rogelio Ram\u00edrez Soto, el l\u00edder del GPPRI, Juan Manuel G\u00f3mez Morales, adem\u00e1s de distinguidos militantes priistas de Aguascalientes.<\/p>\n<p style=\"font-weight: 400;\">\n","protected":false},"excerpt":{"rendered":"<p>Este domingo fue designado como delegado con funciones de presidente de la CNC, Carlos Estrada Valdez, por parte del diputado federal, Ismael Hern\u00e1ndez Deras, presidente del Comit\u00e9 Ejecutivo Nacional de la liga de comunidades agrarias, sindicatos y organizaciones campesinas. Con el mayor cuidado y protecci\u00f3n ante la contingencia sanitaria del Coronavirus, con un n\u00famero simb\u00f3lico [&hellip;]<\/p>\n","protected":false},"author":1,"featured_media":10275,"comment_status":"closed","ping_status":"open","sticky":false,"template":"","format":"standard","meta":{"advanced_seo_description":"","jetpack_seo_html_title":"","jetpack_seo_noindex":false,"_jetpack_memberships_contains_paid_content":false,"footnotes":"","jetpack_publicize_message":"","jetpack_publicize_feature_enabled":true,"jetpack_social_post_already_shared":true,"jetpack_social_options":{"image_generator_settings":{"template":"highway","default_image_id":0,"font":"","enabled":false},"version":2}},"categories":[21,9],"tags":[22,91],"class_list":["post-10273","post","type-post","status-publish","format-standard","has-post-thumbnail","hentry","category-aguascalientes","category-pri-aguascalientes","tag-aguascalientes","tag-pri-aguascalientes"],"jetpack_publicize_connections":[],"jetpack_featured_media_url":"https:\/\/i0.wp.com\/informativoelvalledeaguascalientes.online\/wp-content\/uploads\/2020\/08\/CNC-2.jpg?fit=722%2C480&ssl=1","jetpack-related-posts":[],"jetpack_sharing_enabled":true,"jetpack_likes_enabled":true,"_links":{"self":[{"href":"https:\/\/informativoelvalledeaguascalientes.online\/index.php?rest_route=\/wp\/v2\/posts\/10273","targetHints":{"allow":["GET"]}}],"collection":[{"href":"https:\/\/informativoelvalledeaguascalientes.online\/index.php?rest_route=\/wp\/v2\/posts"}],"about":[{"href":"https:\/\/informativoelvalledeaguascalientes.online\/index.php?rest_route=\/wp\/v2\/types\/post"}],"author":[{"embeddable":true,"href":"https:\/\/informativoelvalledeaguascalientes.online\/index.php?rest_route=\/wp\/v2\/users\/1"}],"replies":[{"embeddable":true,"href":"https:\/\/informativoelvalledeaguascalientes.online\/index.php?rest_route=%2Fwp%2Fv2%2Fcomments&post=10273"}],"version-history":[{"count":1,"href":"https:\/\/informativoelvalledeaguascalientes.online\/index.php?rest_route=\/wp\/v2\/posts\/10273\/revisions"}],"predecessor-version":[{"id":10276,"href":"https:\/\/informativoelvalledeaguascalientes.online\/index.php?rest_route=\/wp\/v2\/posts\/10273\/revisions\/10276"}],"wp:featuredmedia":[{"embeddable":true,"href":"https:\/\/informativoelvalledeaguascalientes.online\/index.php?rest_route=\/wp\/v2\/media\/10275"}],"wp:attachment":[{"href":"https:\/\/informativoelvalledeaguascalientes.online\/index.php?rest_route=%2Fwp%2Fv2%2Fmedia&parent=10273"}],"wp:term":[{"taxonomy":"category","embeddable":true,"href":"https:\/\/informativoelvalledeaguascalientes.online\/index.php?rest_route=%2Fwp%2Fv2%2Fcategories&post=10273"},{"taxonomy":"post_tag","embeddable":true,"href":"https:\/\/informativoelvalledeaguascalientes.online\/index.php?rest_route=%2Fwp%2Fv2%2Ftags&post=10273"}],"curies":[{"name":"wp","href":"https:\/\/api.w.org\/{rel}","templated":true}]}}