{"id":10265,"date":"2020-08-17T15:43:26","date_gmt":"2020-08-17T21:43:26","guid":{"rendered":"https:\/\/informativoelvalledeaguascalientes.online\/?p=10265"},"modified":"2020-11-30T20:34:05","modified_gmt":"2020-12-01T02:34:05","slug":"martha-marquez-realiza-jornada-de-reforestacion-en-cosio","status":"publish","type":"post","link":"https:\/\/informativoelvalledeaguascalientes.online\/?p=10265","title":{"rendered":"MARTHA M\u00c1RQUEZ REALIZA JORNADA DE REFORESTACI\u00d3N EN COS\u00cdO"},"content":{"rendered":"<p>La Senadora Martha M\u00e1rquez Alvarado llev\u00f3 a cabo una jornada de reforestaci\u00f3n en la comunidad de Refugio de Providencia en Cos\u00edo, esto a petici\u00f3n de ciudadanos de este municipio, quienes tambi\u00e9n apoyaron a la plantaci\u00f3n de \u00e1rboles.<\/p>\n<p>M\u00e1rquez Alvarado indic\u00f3 que la pandemia por el COVID-19 nos obliga a revalorizar los espacios naturales, ya que durante los \u00faltimos a\u00f1os el deterioro ambiental ha tenido como consecuencia escasez de agua, mala calidad del aire y una colonizaci\u00f3n de las \u00e1reas verdes.<\/p>\n<p>Por esta raz\u00f3n la Senadora ha impulsado una agenda en conjunto con la sociedad civil para que juntos generen acciones encaminadas al cuidado y la protecci\u00f3n del medio ambiente.<\/p>\n<p>Finalmente, la legisladora federal indic\u00f3 que continuar\u00e1 llevando a cabo jornadas de reforestaci\u00f3n en diversas zonas del estado; pues dijo \u201ccon peque\u00f1as acciones como estas es posible heredar un mejor futuro para las pr\u00f3ximas generaciones\u201d.<\/p>\n","protected":false},"excerpt":{"rendered":"<p>La Senadora Martha M\u00e1rquez Alvarado llev\u00f3 a cabo una jornada de reforestaci\u00f3n en la comunidad de Refugio de Providencia en Cos\u00edo, esto a petici\u00f3n de ciudadanos de este municipio, quienes tambi\u00e9n apoyaron a la plantaci\u00f3n de \u00e1rboles. M\u00e1rquez Alvarado indic\u00f3 que la pandemia por el COVID-19 nos obliga a revalorizar los espacios naturales, ya que [&hellip;]<\/p>\n","protected":false},"author":1,"featured_media":10267,"comment_status":"closed","ping_status":"open","sticky":false,"template":"","format":"standard","meta":{"advanced_seo_description":"","jetpack_seo_html_title":"","jetpack_seo_noindex":false,"_jetpack_memberships_contains_paid_content":false,"footnotes":"","jetpack_publicize_message":"","jetpack_publicize_feature_enabled":true,"jetpack_social_post_already_shared":true,"jetpack_social_options":{"image_generator_settings":{"template":"highway","default_image_id":0,"font":"","enabled":false},"version":2}},"categories":[21,7],"tags":[22,41,23],"class_list":["post-10265","post","type-post","status-publish","format-standard","has-post-thumbnail","hentry","category-aguascalientes","category-pan-aguascalientes","tag-aguascalientes","tag-martha-marquez","tag-pan-aguascalientes"],"jetpack_publicize_connections":[],"jetpack_featured_media_url":"https:\/\/i0.wp.com\/informativoelvalledeaguascalientes.online\/wp-content\/uploads\/2020\/08\/MM_2_REFORESTACIO%CC%81N.jpg?fit=840%2C560&ssl=1","jetpack-related-posts":[],"jetpack_sharing_enabled":true,"jetpack_likes_enabled":true,"_links":{"self":[{"href":"https:\/\/informativoelvalledeaguascalientes.online\/index.php?rest_route=\/wp\/v2\/posts\/10265","targetHints":{"allow":["GET"]}}],"collection":[{"href":"https:\/\/informativoelvalledeaguascalientes.online\/index.php?rest_route=\/wp\/v2\/posts"}],"about":[{"href":"https:\/\/informativoelvalledeaguascalientes.online\/index.php?rest_route=\/wp\/v2\/types\/post"}],"author":[{"embeddable":true,"href":"https:\/\/informativoelvalledeaguascalientes.online\/index.php?rest_route=\/wp\/v2\/users\/1"}],"replies":[{"embeddable":true,"href":"https:\/\/informativoelvalledeaguascalientes.online\/index.php?rest_route=%2Fwp%2Fv2%2Fcomments&post=10265"}],"version-history":[{"count":1,"href":"https:\/\/informativoelvalledeaguascalientes.online\/index.php?rest_route=\/wp\/v2\/posts\/10265\/revisions"}],"predecessor-version":[{"id":10268,"href":"https:\/\/informativoelvalledeaguascalientes.online\/index.php?rest_route=\/wp\/v2\/posts\/10265\/revisions\/10268"}],"wp:featuredmedia":[{"embeddable":true,"href":"https:\/\/informativoelvalledeaguascalientes.online\/index.php?rest_route=\/wp\/v2\/media\/10267"}],"wp:attachment":[{"href":"https:\/\/informativoelvalledeaguascalientes.online\/index.php?rest_route=%2Fwp%2Fv2%2Fmedia&parent=10265"}],"wp:term":[{"taxonomy":"category","embeddable":true,"href":"https:\/\/informativoelvalledeaguascalientes.online\/index.php?rest_route=%2Fwp%2Fv2%2Fcategories&post=10265"},{"taxonomy":"post_tag","embeddable":true,"href":"https:\/\/informativoelvalledeaguascalientes.online\/index.php?rest_route=%2Fwp%2Fv2%2Ftags&post=10265"}],"curies":[{"name":"wp","href":"https:\/\/api.w.org\/{rel}","templated":true}]}}