{"id":10259,"date":"2020-08-17T15:20:19","date_gmt":"2020-08-17T21:20:19","guid":{"rendered":"https:\/\/informativoelvalledeaguascalientes.online\/?p=10259"},"modified":"2020-08-17T15:20:19","modified_gmt":"2020-08-17T21:20:19","slug":"sin-distracciones-aguascalientes-mantiene-trabajo-para-cuidar-salud-de-sus-habitantes-martin-orozco","status":"publish","type":"post","link":"https:\/\/informativoelvalledeaguascalientes.online\/?p=10259","title":{"rendered":"SIN DISTRACCIONES, AGUASCALIENTES MANTIENE TRABAJO PARA CUIDAR SALUD DE SUS HABITANTES: MART\u00cdN OROZCO\u00a0"},"content":{"rendered":"<ul>\n<li><strong>Actualmente existe una tendencia a la baja en la ocupaci\u00f3n de camas para la atenci\u00f3n de Coronavirus: Mart\u00edn Orozco<\/strong><\/li>\n<li dir=\"ltr\">\n<p dir=\"ltr\"><strong>No se dudar\u00e1 en la compra de los insumos necesarios para hacer frente a la pandemia<\/strong><\/p>\n<\/li>\n<li dir=\"ltr\">\n<p dir=\"ltr\"><strong>En los pr\u00f3ximos d\u00edas se lanzar\u00e1 convocatoria de empleos temporales, anuncia el gobernador<\/strong><\/p>\n<\/li>\n<\/ul>\n<p dir=\"ltr\">Aunque existen diferencias en algunos indicadores que presenta el Gobierno de M\u00e9xico respecto al sem\u00e1foro epidemiol\u00f3gico asignado a Aguascalientes, el gobernador Mart\u00edn Orozco Sandoval sostuvo que no entrar\u00e1 a un debate con la federaci\u00f3n y continuar\u00e1 trabajando a favor de la salud de los aguascalentenses para que la entidad se mantenga con un buen control de la pandemia.<\/p>\n<p dir=\"ltr\">En rueda de prensa virtual, el mandatario enfatiz\u00f3 que no por contar con suficiencia hospitalaria y los insumos para enfrentar la contingencia sanitaria, se dejar\u00e1 de hacer \u00e9nfasis en la prevenci\u00f3n, por lo que llam\u00f3 a toda la sociedad a poner de su parte y acatar todas las medidas sanitarias.<\/p>\n<p dir=\"ltr\">Explic\u00f3 que una de las variables que toma en cuenta el Secretar\u00eda de Salud Federal para el sem\u00e1foro epidemiol\u00f3gico es la capacidad hospitalaria; en este sentido, dijo que se present\u00f3 un aumento en los pacientes hospitalizados en los \u00faltimos d\u00edas de julio y los primeros de agosto, sin embargo, actualmente existe una tendencia a la baja en la ocupaci\u00f3n de camas para la atenci\u00f3n de Coronavirus.<\/p>\n<p dir=\"ltr\">Orozco Sandoval asegur\u00f3 que existe suficiencia en la capacidad hospitalaria en el estado, sin embargo, se incrementar\u00e1n las camas para estar preparados ante cualquier escenario. En este sentido, inform\u00f3 que tan solo en el Hospital Hidalgo hoy en d\u00eda se cuenta con aproximadamente 80 camas con ventilador y se podr\u00eda ampliar hasta 100 o 120 camas, ya que se cuenta con todos los insumos necesarios.<\/p>\n<p dir=\"ltr\">Adem\u00e1s, refiri\u00f3 que seguir\u00e1 en comunicaci\u00f3n con los delegados del IMSS e ISSSTE y asegurar la atenci\u00f3n a cualquier persona que as\u00ed lo necesite, as\u00ed como para evitar el mayor n\u00famero de p\u00e9rdidas humanas por este virus.<\/p>\n<p dir=\"ltr\">Por otra parte, el gobernador enfatiz\u00f3 que no se dudar\u00e1 en la compra de los insumos necesarios para hacer frente a la pandemia. Muestra de ello son los 150 millones de pesos de recurso estatal que se ha destinado para este fin, aunado a los 50 millones de pesos m\u00e1s que ha destinado el Gobierno Estatal para adquirir lo que sea necesario.<\/p>\n<p dir=\"ltr\">En otro tema, expuso que Aguascalientes ha logrado mantener la estabilidad del empleo de acuerdo a datos del IMSS, gracias a las estrategias para enfrentar la crisis econ\u00f3mica causada por la contingencia sanitaria.<\/p>\n<p dir=\"ltr\">Por lo anterior, anunci\u00f3 que durante los pr\u00f3ximos d\u00edas se anunciar\u00e1 un programa de empleo temporal para apoyar a 200 personas por tres meses con un sueldo semanal de mil pesos, y posteriormente se lanzar\u00e1 una segunda convocatoria para generar 600 empleos temporales m\u00e1s en colonias y comunidades, todo esto como parte del Plan de Reactivaci\u00f3n Econ\u00f3mica.<\/p>\n","protected":false},"excerpt":{"rendered":"<p>Actualmente existe una tendencia a la baja en la ocupaci\u00f3n de camas para la atenci\u00f3n de Coronavirus: Mart\u00edn Orozco No se dudar\u00e1 en la compra de los insumos necesarios para hacer frente a la pandemia En los pr\u00f3ximos d\u00edas se lanzar\u00e1 convocatoria de empleos temporales, anuncia el gobernador Aunque existen diferencias en algunos indicadores que [&hellip;]<\/p>\n","protected":false},"author":1,"featured_media":10260,"comment_status":"closed","ping_status":"open","sticky":false,"template":"","format":"standard","meta":{"advanced_seo_description":"","jetpack_seo_html_title":"","jetpack_seo_noindex":false,"_jetpack_memberships_contains_paid_content":false,"footnotes":"","jetpack_publicize_message":"","jetpack_publicize_feature_enabled":true,"jetpack_social_post_already_shared":true,"jetpack_social_options":{"image_generator_settings":{"template":"highway","default_image_id":0,"font":"","enabled":false},"version":2}},"categories":[21,4],"tags":[22,30,31],"class_list":["post-10259","post","type-post","status-publish","format-standard","has-post-thumbnail","hentry","category-aguascalientes","category-gobierno-del-estado-aguascalientes","tag-aguascalientes","tag-issea","tag-mos"],"jetpack_publicize_connections":[],"jetpack_featured_media_url":"https:\/\/i0.wp.com\/informativoelvalledeaguascalientes.online\/wp-content\/uploads\/2020\/08\/WhatsApp-Image-2020-08-17-at-11.37.38-AM-2.jpeg?fit=1280%2C940&ssl=1","jetpack-related-posts":[],"jetpack_sharing_enabled":true,"jetpack_likes_enabled":true,"_links":{"self":[{"href":"https:\/\/informativoelvalledeaguascalientes.online\/index.php?rest_route=\/wp\/v2\/posts\/10259","targetHints":{"allow":["GET"]}}],"collection":[{"href":"https:\/\/informativoelvalledeaguascalientes.online\/index.php?rest_route=\/wp\/v2\/posts"}],"about":[{"href":"https:\/\/informativoelvalledeaguascalientes.online\/index.php?rest_route=\/wp\/v2\/types\/post"}],"author":[{"embeddable":true,"href":"https:\/\/informativoelvalledeaguascalientes.online\/index.php?rest_route=\/wp\/v2\/users\/1"}],"replies":[{"embeddable":true,"href":"https:\/\/informativoelvalledeaguascalientes.online\/index.php?rest_route=%2Fwp%2Fv2%2Fcomments&post=10259"}],"version-history":[{"count":1,"href":"https:\/\/informativoelvalledeaguascalientes.online\/index.php?rest_route=\/wp\/v2\/posts\/10259\/revisions"}],"predecessor-version":[{"id":10261,"href":"https:\/\/informativoelvalledeaguascalientes.online\/index.php?rest_route=\/wp\/v2\/posts\/10259\/revisions\/10261"}],"wp:featuredmedia":[{"embeddable":true,"href":"https:\/\/informativoelvalledeaguascalientes.online\/index.php?rest_route=\/wp\/v2\/media\/10260"}],"wp:attachment":[{"href":"https:\/\/informativoelvalledeaguascalientes.online\/index.php?rest_route=%2Fwp%2Fv2%2Fmedia&parent=10259"}],"wp:term":[{"taxonomy":"category","embeddable":true,"href":"https:\/\/informativoelvalledeaguascalientes.online\/index.php?rest_route=%2Fwp%2Fv2%2Fcategories&post=10259"},{"taxonomy":"post_tag","embeddable":true,"href":"https:\/\/informativoelvalledeaguascalientes.online\/index.php?rest_route=%2Fwp%2Fv2%2Ftags&post=10259"}],"curies":[{"name":"wp","href":"https:\/\/api.w.org\/{rel}","templated":true}]}}