{"id":10256,"date":"2020-08-17T15:12:20","date_gmt":"2020-08-17T21:12:20","guid":{"rendered":"https:\/\/informativoelvalledeaguascalientes.online\/?p=10256"},"modified":"2020-08-17T15:12:20","modified_gmt":"2020-08-17T21:12:20","slug":"el-verdadero-reto-es-reducir-las-brechas-de-desigualdad-en-aguascalientes-fernando-herrera","status":"publish","type":"post","link":"https:\/\/informativoelvalledeaguascalientes.online\/?p=10256","title":{"rendered":"EL VERDADERO RETO ES REDUCIR LAS BRECHAS DE DESIGUALDAD EN AGUASCALIENTES: FERNANDO HERRERA"},"content":{"rendered":"<ul>\n<li>No es momento de protagonismos. Aguascalientes necesita a los panistas trabajando m\u00e1s que nunca.<\/li>\n<li style=\"font-weight: 400;\">La reactivaci\u00f3n econ\u00f3mica y la protecci\u00f3n de las fuentes de empleo tambi\u00e9n deben ser prioridad.<\/li>\n<\/ul>\n<p style=\"font-weight: 400;\">\n<p style=\"font-weight: 400;\">El Vocero del Comit\u00e9 Ejecutivo Nacional del PAN, Fernando Herrera, asever\u00f3 que es necesario privilegiar la unidad al interior del partido por el bien de Aguascalientes. El verdadero reto, dijo, es seguir construyendo buenos gobiernos y trabajar por reducir las brechas de desigualdad en la entidad.<\/p>\n<p style=\"font-weight: 400;\">\n<p style=\"font-weight: 400;\">Record\u00f3 que pese a los esfuerzos de los \u00faltimos a\u00f1os, cerca de 250 mil personas a\u00fan contin\u00faan en situaci\u00f3n de pobreza y es en los municipios donde m\u00e1s se acent\u00faa esta condici\u00f3n.<\/p>\n<p style=\"font-weight: 400;\">\n<p style=\"font-weight: 400;\">\u201cPara todas estas personas hay que buscar mejores condiciones de vida. Ese es el verdadero reto que tenemos los panistas en Aguascalientes. Hay que seguir haciendo buenos gobiernos y concentrar nuestros esfuerzos en cambiar la realidad de los aguascalentenses que menos tienen\u201d.<\/p>\n<p style=\"font-weight: 400;\">\n<p style=\"font-weight: 400;\">Herrera \u00c1vila precis\u00f3 que derivado de la pandemia de Covid19, al menos 17 mil personas se han quedado sin empleo y cada d\u00eda de que pasa, cuatro de cada diez habitantes de los municipios est\u00e1n en riesgo de sumarse a las filas de la pobreza ante la falta de ingresos.<\/p>\n<p style=\"font-weight: 400;\">\n<p style=\"font-weight: 400;\">Por eso, asever\u00f3, otro de los aspectos en los que debe concentrarse el panismo de Aguascalientes es la reactivaci\u00f3n econ\u00f3mica de la entidad.<\/p>\n<p style=\"font-weight: 400;\">\n<p style=\"font-weight: 400;\">\u201cNo es momento de protagonismos. Aguascalientes necesita a los panistas trabajando m\u00e1s que nunca. Que cada uno de los representantes de los ciudadanos que hoy tiene una responsabilidad p\u00fablica, aporte su granito de arena para abonar a las soluciones que necesita la entidad\u201d, expres\u00f3.<\/p>\n<p style=\"font-weight: 400;\">\n<p style=\"font-weight: 400;\">Record\u00f3 que al menos 25 mil Mipymes est\u00e1n en riesgo de irse a la quiebra y lo anterior se traducir\u00eda en un duro golpe a la econom\u00eda de los aguascalentenses, pues son \u00e9stas las que generan aproximadamente el setenta por ciento de los empleos en la entidad, unos 268 mil.<\/p>\n<p style=\"font-weight: 400;\">\u201cLas brechas de desigualdad en Aguascalientes a\u00fan son muy profundas. Nuestra prioridad debe ser atender a esa poblaci\u00f3n y generar las condiciones para ayudar a la poblaci\u00f3n que vive en situaci\u00f3n de pobreza\u201d.<\/p>\n<p style=\"font-weight: 400;\">\n<p style=\"font-weight: 400;\">El Vocero nacional del PAN destac\u00f3 que el ingreso laboral per c\u00e1pita en la entidad ven\u00eda recuper\u00e1ndose al inicio de este a\u00f1o, cuando pas\u00f3 de $1,716.79 pesos a $1,998.97 pesos, pero falta ver el efecto que tendr\u00e1 la crisis sanitaria en dicho indicador, al cierre de 2020.<\/p>\n<p style=\"font-weight: 400;\">\n","protected":false},"excerpt":{"rendered":"<p>No es momento de protagonismos. Aguascalientes necesita a los panistas trabajando m\u00e1s que nunca. La reactivaci\u00f3n econ\u00f3mica y la protecci\u00f3n de las fuentes de empleo tambi\u00e9n deben ser prioridad. El Vocero del Comit\u00e9 Ejecutivo Nacional del PAN, Fernando Herrera, asever\u00f3 que es necesario privilegiar la unidad al interior del partido por el bien de Aguascalientes. [&hellip;]<\/p>\n","protected":false},"author":1,"featured_media":10257,"comment_status":"closed","ping_status":"open","sticky":false,"template":"","format":"standard","meta":{"advanced_seo_description":"","jetpack_seo_html_title":"","jetpack_seo_noindex":false,"_jetpack_memberships_contains_paid_content":false,"footnotes":"","jetpack_publicize_message":"","jetpack_publicize_feature_enabled":true,"jetpack_social_post_already_shared":true,"jetpack_social_options":{"image_generator_settings":{"template":"highway","default_image_id":0,"font":"","enabled":false},"version":2}},"categories":[21,7],"tags":[22,74,23],"class_list":["post-10256","post","type-post","status-publish","format-standard","has-post-thumbnail","hentry","category-aguascalientes","category-pan-aguascalientes","tag-aguascalientes","tag-fernando-herrera","tag-pan-aguascalientes"],"jetpack_publicize_connections":[],"jetpack_featured_media_url":"https:\/\/i0.wp.com\/informativoelvalledeaguascalientes.online\/wp-content\/uploads\/2020\/08\/FHERRERA-copia.jpg?fit=720%2C490&ssl=1","jetpack-related-posts":[],"jetpack_sharing_enabled":true,"jetpack_likes_enabled":true,"_links":{"self":[{"href":"https:\/\/informativoelvalledeaguascalientes.online\/index.php?rest_route=\/wp\/v2\/posts\/10256","targetHints":{"allow":["GET"]}}],"collection":[{"href":"https:\/\/informativoelvalledeaguascalientes.online\/index.php?rest_route=\/wp\/v2\/posts"}],"about":[{"href":"https:\/\/informativoelvalledeaguascalientes.online\/index.php?rest_route=\/wp\/v2\/types\/post"}],"author":[{"embeddable":true,"href":"https:\/\/informativoelvalledeaguascalientes.online\/index.php?rest_route=\/wp\/v2\/users\/1"}],"replies":[{"embeddable":true,"href":"https:\/\/informativoelvalledeaguascalientes.online\/index.php?rest_route=%2Fwp%2Fv2%2Fcomments&post=10256"}],"version-history":[{"count":1,"href":"https:\/\/informativoelvalledeaguascalientes.online\/index.php?rest_route=\/wp\/v2\/posts\/10256\/revisions"}],"predecessor-version":[{"id":10258,"href":"https:\/\/informativoelvalledeaguascalientes.online\/index.php?rest_route=\/wp\/v2\/posts\/10256\/revisions\/10258"}],"wp:featuredmedia":[{"embeddable":true,"href":"https:\/\/informativoelvalledeaguascalientes.online\/index.php?rest_route=\/wp\/v2\/media\/10257"}],"wp:attachment":[{"href":"https:\/\/informativoelvalledeaguascalientes.online\/index.php?rest_route=%2Fwp%2Fv2%2Fmedia&parent=10256"}],"wp:term":[{"taxonomy":"category","embeddable":true,"href":"https:\/\/informativoelvalledeaguascalientes.online\/index.php?rest_route=%2Fwp%2Fv2%2Fcategories&post=10256"},{"taxonomy":"post_tag","embeddable":true,"href":"https:\/\/informativoelvalledeaguascalientes.online\/index.php?rest_route=%2Fwp%2Fv2%2Ftags&post=10256"}],"curies":[{"name":"wp","href":"https:\/\/api.w.org\/{rel}","templated":true}]}}