{"id":10233,"date":"2020-08-17T07:29:53","date_gmt":"2020-08-17T13:29:53","guid":{"rendered":"https:\/\/informativoelvalledeaguascalientes.online\/?p=10233"},"modified":"2020-08-17T07:32:48","modified_gmt":"2020-08-17T13:32:48","slug":"alex-de-alba-jr-llega-a-aguascalientes-en-buen-momento-dentro-de-nascar-challenge","status":"publish","type":"post","link":"https:\/\/informativoelvalledeaguascalientes.online\/?p=10233","title":{"rendered":"Alex de Alba Jr. llega a Aguascalientes en buen momento dentro de NASCAR Challenge"},"content":{"rendered":"<p style=\"font-weight: 400;\">Las primeras tres fechas programadas para el campeonato NASCAR Peak M\u00e9xico 2020 est\u00e1n por terminar este pr\u00f3ximo jueves en el Ovalo Aguascalientes, carrera a la que el piloto #14 Canel\u00b4s\/Racing Cargo Alex de Alba Jr. se presentar\u00e1 en uno de sus mejores momentos dentro de la categor\u00eda NAACAR Challenge, situaci\u00f3n positiva para ir por la primera bandera a cuadros.<\/p>\n<p style=\"font-weight: 400;\">Recordemos que el arranque de temporada no fue nada bueno para Alex al quedar fuera de competencia en un momento clave. Para la fecha dos el auto #14 Canel\u00b4s\/Racing Cargo calificaba segundo de su categor\u00eda manteniendo por largo periodo el liderato no solo de ella si no de la general delante de los autos Peak, al final un peque\u00f1o contacto lo deja en el segundo lugar obteniendo su primer podio del a\u00f1o y as\u00ed sumar puntos para dejar el s\u00f3tano de la clasificaci\u00f3n y colarse al top diez.<\/p>\n<p style=\"font-weight: 400;\">Buen momento el que se ha estado viviendo dentro del equipo #14 Canel\u00b4s\/Racing Cargo de Alex de Alba Jr. manteniendo un auto sumamente competitivo desde el arranque de temporada as\u00ed como en la fecha dos, ahora la tercera carrera NASCAR M\u00e9xico ser\u00e1 clave para Alex pues su meta es tener un auto mucho m\u00e1s r\u00e1pido y as\u00ed poder estar nuevamente en el podio.<\/p>\n<p style=\"font-weight: 400;\">\u201cUna tercera fecha que tenemos muchas ganas de que llegue, m\u00e1s porque ya se anunci\u00f3 la segunda parte del calendarios, emocionado de llegar a Aguascalientes y terminar positivamente con estas tres carreras en donde creo hemos mejorado mucho con respecto al a\u00f1o pasado y si sigue la tendencia seguramente tendremos este jueves un auto #14 Canel\u00b4s\/Racing Cargo mucho m\u00e1s r\u00e1pido que en el 2019 donde estuvimos peleando los primeros lugares, tenemos buen ritmo para estar luchando con los autos Peak, espero seguir asi y buscar la primera victoria del equipo para recuperar muchos puntos y poder meternos en la pelea, la primera fecha sigue doliendo, Aguascalientes ser\u00e1 una buena fecha, el Ingeniero Ramiro Fidalgo tiene un excelente set\u201d manifest\u00f3 Alex de Alba Jr. #14 Canel\u00b4s\/Racing Cargo.<\/p>\n<p style=\"font-weight: 400;\">El entrenamiento a inicio de a\u00f1o en el Ovalo de Aguascalientes probando compuesto de neum\u00e1ticos ser\u00e1 de mucha utilidad para esta semana \u201cAfortunado de haber sido uno de los pilotos en rodar con mi auto #14 Canel\u00b4s\/Racing Cargo el Ovalo Aguascalientes a principio de a\u00f1o teniendo la oportunidad de probar el nuevo compuesto que tendremos en esta pista y de dar informaci\u00f3n a la marca de las llantas puesto que la temporada anterior sufrimos en ese tema, ahora la carrera ser\u00e1 mucho m\u00e1s larga a 220 vueltas en un ovalo muy r\u00e1pido donde salirse de la l\u00ednea no perdona, carrera 100% de estrategia procurando mantenernos en todo momento dentro de la vuelta del l\u00edder\u201d.<\/p>\n<p style=\"font-weight: 400;\">Al momento el campeonato NASCAR Challenge marcha con Max Guti\u00e9rrez en primero sumando 90 puntos, le siguen Noel Le\u00f3n 86, Julio Rej\u00f3n 80, Rodrigo Rej\u00f3n 78, V\u00edctor Barrales Jr. 72, Rafael Vallina 72, Santos Zanells Jr. 71, Juan Ma. Gonz\u00e1lez 69, el piloto #14 Canel\u00b4s\/Racing Cargo Alex de Alba Jr. en noveno con 68 y para dar fin al top diez \u00d3scar Peralta 66.<\/p>\n","protected":false},"excerpt":{"rendered":"<p>Las primeras tres fechas programadas para el campeonato NASCAR Peak M\u00e9xico 2020 est\u00e1n por terminar este pr\u00f3ximo jueves en el Ovalo Aguascalientes, carrera a la que el piloto #14 Canel\u00b4s\/Racing Cargo Alex de Alba Jr. se presentar\u00e1 en uno de sus mejores momentos dentro de la categor\u00eda NAACAR Challenge, situaci\u00f3n positiva para ir por la [&hellip;]<\/p>\n","protected":false},"author":1,"featured_media":10236,"comment_status":"closed","ping_status":"open","sticky":false,"template":"","format":"standard","meta":{"advanced_seo_description":"","jetpack_seo_html_title":"","jetpack_seo_noindex":false,"_jetpack_memberships_contains_paid_content":false,"footnotes":"","jetpack_publicize_message":"","jetpack_publicize_feature_enabled":true,"jetpack_social_post_already_shared":true,"jetpack_social_options":{"image_generator_settings":{"template":"highway","default_image_id":0,"font":"","enabled":false},"version":2}},"categories":[21],"tags":[22,273],"class_list":["post-10233","post","type-post","status-publish","format-standard","has-post-thumbnail","hentry","category-aguascalientes","tag-aguascalientes","tag-nascar-peak-mexico"],"jetpack_publicize_connections":[],"jetpack_featured_media_url":"https:\/\/i0.wp.com\/informativoelvalledeaguascalientes.online\/wp-content\/uploads\/2020\/08\/nascar_ags_16082020.jpg?fit=480%2C320&ssl=1","jetpack-related-posts":[],"jetpack_sharing_enabled":true,"jetpack_likes_enabled":true,"_links":{"self":[{"href":"https:\/\/informativoelvalledeaguascalientes.online\/index.php?rest_route=\/wp\/v2\/posts\/10233","targetHints":{"allow":["GET"]}}],"collection":[{"href":"https:\/\/informativoelvalledeaguascalientes.online\/index.php?rest_route=\/wp\/v2\/posts"}],"about":[{"href":"https:\/\/informativoelvalledeaguascalientes.online\/index.php?rest_route=\/wp\/v2\/types\/post"}],"author":[{"embeddable":true,"href":"https:\/\/informativoelvalledeaguascalientes.online\/index.php?rest_route=\/wp\/v2\/users\/1"}],"replies":[{"embeddable":true,"href":"https:\/\/informativoelvalledeaguascalientes.online\/index.php?rest_route=%2Fwp%2Fv2%2Fcomments&post=10233"}],"version-history":[{"count":2,"href":"https:\/\/informativoelvalledeaguascalientes.online\/index.php?rest_route=\/wp\/v2\/posts\/10233\/revisions"}],"predecessor-version":[{"id":10237,"href":"https:\/\/informativoelvalledeaguascalientes.online\/index.php?rest_route=\/wp\/v2\/posts\/10233\/revisions\/10237"}],"wp:featuredmedia":[{"embeddable":true,"href":"https:\/\/informativoelvalledeaguascalientes.online\/index.php?rest_route=\/wp\/v2\/media\/10236"}],"wp:attachment":[{"href":"https:\/\/informativoelvalledeaguascalientes.online\/index.php?rest_route=%2Fwp%2Fv2%2Fmedia&parent=10233"}],"wp:term":[{"taxonomy":"category","embeddable":true,"href":"https:\/\/informativoelvalledeaguascalientes.online\/index.php?rest_route=%2Fwp%2Fv2%2Fcategories&post=10233"},{"taxonomy":"post_tag","embeddable":true,"href":"https:\/\/informativoelvalledeaguascalientes.online\/index.php?rest_route=%2Fwp%2Fv2%2Ftags&post=10233"}],"curies":[{"name":"wp","href":"https:\/\/api.w.org\/{rel}","templated":true}]}}