{"id":1017,"date":"2019-12-19T23:51:09","date_gmt":"2019-12-20T05:51:09","guid":{"rendered":"http:\/\/informativoelvalledeaguascalientes.online\/?p=1017"},"modified":"2019-12-19T23:51:09","modified_gmt":"2019-12-20T05:51:09","slug":"realiza-dif-municipal-expo-de-productos-hechos-por-personas-con-discapacidad","status":"publish","type":"post","link":"https:\/\/informativoelvalledeaguascalientes.online\/?p=1017","title":{"rendered":"REALIZA DIF MUNICIPAL EXPO DE PRODUCTOS HECHOS POR PERSONAS CON DISCAPACIDAD"},"content":{"rendered":"<div class=\"opinion-section opinion-single-cover opinion-indent opinion-overlay\">\n<div class=\"container\">\n<div class=\"section-head row justify-content-center text-center\">\n<div class=\"col-12 col-md-8\"><\/div>\n<\/div>\n<\/div>\n<\/div>\n<div class=\"opinion-section\">\n<div class=\"container\">\n<div class=\"section-content row justify-content-center\">\n<div class=\"col-12 col-lg-8 opinion-order-1\">\n<article class=\"opinion-post opinion-single post-11836 post type-post status-publish format-standard has-post-thumbnail hentry category-inclusion tag-personas-con-discapacidad\">\n<div class=\"entry-content\">\n<p>Con el prop\u00f3sito de promover el autoempleo y el talento de las personas con discapacidad, el DIF Municipal de Aguascalientes organiza la \u201cExpo Personas con Discapacidad\u201d del 18 al 22 de diciembre de 11:00 a 20:00 horas en el Andador Col\u00f3n. As\u00ed lo inform\u00f3\u00a0<strong>Ram\u00f3n Jim\u00e9nez Pe\u00f1aloza<\/strong>, Presidente de la instituci\u00f3n.<\/p>\n<p>En este sentido coment\u00f3 que las personas con discapacidad lo \u00fanico que piden al resto de la sociedad es una oportunidad para demostrar lo que son capaces de hacer: son seres humanos productivos y autosuficientes que pueden superar cualquier obst\u00e1culo.<\/p>\n<p><strong>Jim\u00e9nez Pe\u00f1aloza<\/strong>\u00a0destac\u00f3 que, para la alcaldesa\u00a0<strong>Tere Jim\u00e9nez<\/strong>, las personas con discapacidad ocupan un lugar muy especial en la presente Administraci\u00f3n Municipal, por lo que a trav\u00e9s del Departamento de Trabajo Social y Atenci\u00f3n a las personas con discapacidad se cuenta con diversos programas y servicios para mejorar sus condiciones de vida.<\/p>\n<p>El Presidente del DIF Municipal invit\u00f3 a la poblaci\u00f3n en general para que acudan a esta \u201cExpo Personas con Discapacidad\u201d en donde podr\u00e1n encontrar diversos art\u00edculos: reposter\u00eda, bisuter\u00eda, manualidades, alimentos, todo de excelente calidad y a precios muy accesibles.<\/p>\n<\/div>\n<\/article>\n<\/div>\n<\/div>\n<\/div>\n<\/div>\n","protected":false},"excerpt":{"rendered":"<p>Con el prop\u00f3sito de promover el autoempleo y el talento de las personas con discapacidad, el DIF Municipal de Aguascalientes organiza la \u201cExpo Personas con Discapacidad\u201d del 18 al 22 de diciembre de 11:00 a 20:00 horas en el Andador Col\u00f3n. As\u00ed lo inform\u00f3\u00a0Ram\u00f3n Jim\u00e9nez Pe\u00f1aloza, Presidente de la instituci\u00f3n. En este sentido coment\u00f3 que [&hellip;]<\/p>\n","protected":false},"author":1,"featured_media":1018,"comment_status":"closed","ping_status":"open","sticky":false,"template":"","format":"standard","meta":{"advanced_seo_description":"","jetpack_seo_html_title":"","jetpack_seo_noindex":false,"_jetpack_memberships_contains_paid_content":false,"footnotes":"","jetpack_publicize_message":"","jetpack_publicize_feature_enabled":true,"jetpack_social_post_already_shared":false,"jetpack_social_options":{"image_generator_settings":{"template":"highway","default_image_id":0,"font":"","enabled":false},"version":2}},"categories":[21,3],"tags":[22,72],"class_list":["post-1017","post","type-post","status-publish","format-standard","has-post-thumbnail","hentry","category-aguascalientes","category-municipio-aguascalientes","tag-aguascalientes","tag-mpio-aguascalientes-dif"],"jetpack_publicize_connections":[],"jetpack_featured_media_url":"https:\/\/i0.wp.com\/informativoelvalledeaguascalientes.online\/wp-content\/uploads\/2019\/12\/mpio_ags_dif_19122019.jpg?fit=1024%2C678&ssl=1","jetpack-related-posts":[],"jetpack_sharing_enabled":true,"jetpack_likes_enabled":true,"_links":{"self":[{"href":"https:\/\/informativoelvalledeaguascalientes.online\/index.php?rest_route=\/wp\/v2\/posts\/1017","targetHints":{"allow":["GET"]}}],"collection":[{"href":"https:\/\/informativoelvalledeaguascalientes.online\/index.php?rest_route=\/wp\/v2\/posts"}],"about":[{"href":"https:\/\/informativoelvalledeaguascalientes.online\/index.php?rest_route=\/wp\/v2\/types\/post"}],"author":[{"embeddable":true,"href":"https:\/\/informativoelvalledeaguascalientes.online\/index.php?rest_route=\/wp\/v2\/users\/1"}],"replies":[{"embeddable":true,"href":"https:\/\/informativoelvalledeaguascalientes.online\/index.php?rest_route=%2Fwp%2Fv2%2Fcomments&post=1017"}],"version-history":[{"count":1,"href":"https:\/\/informativoelvalledeaguascalientes.online\/index.php?rest_route=\/wp\/v2\/posts\/1017\/revisions"}],"predecessor-version":[{"id":1019,"href":"https:\/\/informativoelvalledeaguascalientes.online\/index.php?rest_route=\/wp\/v2\/posts\/1017\/revisions\/1019"}],"wp:featuredmedia":[{"embeddable":true,"href":"https:\/\/informativoelvalledeaguascalientes.online\/index.php?rest_route=\/wp\/v2\/media\/1018"}],"wp:attachment":[{"href":"https:\/\/informativoelvalledeaguascalientes.online\/index.php?rest_route=%2Fwp%2Fv2%2Fmedia&parent=1017"}],"wp:term":[{"taxonomy":"category","embeddable":true,"href":"https:\/\/informativoelvalledeaguascalientes.online\/index.php?rest_route=%2Fwp%2Fv2%2Fcategories&post=1017"},{"taxonomy":"post_tag","embeddable":true,"href":"https:\/\/informativoelvalledeaguascalientes.online\/index.php?rest_route=%2Fwp%2Fv2%2Ftags&post=1017"}],"curies":[{"name":"wp","href":"https:\/\/api.w.org\/{rel}","templated":true}]}}