{"id":10158,"date":"2020-08-13T21:01:05","date_gmt":"2020-08-14T03:01:05","guid":{"rendered":"https:\/\/informativoelvalledeaguascalientes.online\/?p=10158"},"modified":"2020-08-13T21:01:05","modified_gmt":"2020-08-14T03:01:05","slug":"anuncia-municipio-ags-la-reapertura-gradual-de-centros-deportivos-y-parques","status":"publish","type":"post","link":"https:\/\/informativoelvalledeaguascalientes.online\/?p=10158","title":{"rendered":"ANUNCIA MUNICIPIO AGS. LA REAPERTURA GRADUAL DE CENTROS DEPORTIVOS Y PARQUES"},"content":{"rendered":"<div class=\"opinion-section opinion-single-cover opinion-indent opinion-overlay\">\n<div class=\"container\">\n<div class=\"section-head row justify-content-center text-center\"><\/div>\n<\/div>\n<\/div>\n<div class=\"opinion-section\">\n<div class=\"container\">\n<div class=\"section-content row justify-content-center\">\n<div class=\"col-12 col-lg-8 opinion-order-1\">\n<article class=\"opinion-post opinion-single post-19223 post type-post status-publish format-standard has-post-thumbnail hentry category-deportes-municipio-aguascalientes tag-reaperturaespaciosdeportivos\">\n<div class=\"entry-content\">\n<ul>\n<li><strong>Se abrir\u00e1n \u00fanicamente para la pr\u00e1ctica de disciplinas deportivas y activaci\u00f3n f\u00edsica, bajo protocolos autorizados por las autoridades sanitarias<\/strong><\/li>\n<\/ul>\n<p>&nbsp;<\/p>\n<p>Luego de haber tenido que cerrar sus puertas debido a la contingencia sanitaria por COVID-19, los parques con espacios deportivos y los centros deportivos municipales abrir\u00e1n de manera gradual, bajo autorizaci\u00f3n y cumpliendo los protocolos que marca la autoridad sanitaria.<\/p>\n<p>Tras sostener reuniones con personal de salud y deporte del Gobierno del Estado, las secretar\u00edas de Servicios P\u00fablicos y Desarrollo Social a trav\u00e9s de la Direcci\u00f3n de Activaci\u00f3n F\u00edsica, Recreaci\u00f3n y Deporte, determinaron reabrir estos lugares, pero exclusivamente para la pr\u00e1ctica de alguna disciplina deportiva, el uso de canchas y\/o alg\u00fan tipo de activaci\u00f3n f\u00edsica como caminar y correr, todo con ciertos lineamientos que habr\u00e1 que acatar para evitar contagios.<\/p>\n<p>A partir del lunes 17 de agosto abrir\u00e1n:<\/p>\n<ul>\n<li>Jard\u00edn de San Marcos (\u00fanicamente para las personas que van a correr y\/o caminar), de 6:00 a 9:00 y de 18:00 a 21:00 horas<\/li>\n<li>Parque M\u00e9xico<\/li>\n<li>Parque Santa Anita<\/li>\n<li>Parque deportivo de Ciudad Industrial<\/li>\n<li>Parque Luis Donaldo Colosio, en colonia L\u00f3pez Portillo<\/li>\n<li>Parque Azul, en la colonia Insurgentes<\/li>\n<li>Parque La Pona<\/li>\n<li>Parque Hidalgo<\/li>\n<li>Parque Ojocaliente I<\/li>\n<li>Parque Haciendas II<\/li>\n<li>Parque Morelos, entre otros parques<\/li>\n<li>Alberca Municipal de Boulevares<\/li>\n<li>Polideportivo de VNSA<\/li>\n<li>Gimnasio de usos m\u00faltiples de VNSA<\/li>\n<li>Centro Deportivo Pensadores Mexicanos<\/li>\n<li>Centro Deportivo Mujeres Ilustres<\/li>\n<\/ul>\n<p>La secretaria de Servicios P\u00fablicos\u00a0<strong>Miriam Rodr\u00edguez Tiscare\u00f1o<\/strong>, dio a conocer que en el caso de los parques y jardines, las \u00e1reas de juegos infantiles y de convivencia familiar continuar\u00e1n suspendidas hasta que el sem\u00e1foro sanitario lo permita y que las \u00e1reas deportivas se abrir\u00e1n al p\u00fablico con ciertas restricciones para evitar la propagaci\u00f3n de COVID-19.<\/p>\n<p><strong>Luis Rodr\u00edguez Dur\u00e1n<\/strong>, director de Activaci\u00f3n F\u00edsica, Recreaci\u00f3n y Deporte, mencion\u00f3 tambi\u00e9n que\u00a0en algunos de estos espacios arrancar\u00e1 la Cuarta Copa Aguascalientes, que en esta ocasi\u00f3n se desarrollar\u00e1 solamente en 9 disciplinas previamente avaladas por la autoridad sanitaria y en las que podr\u00e1n participar deportistas que no est\u00e9n dentro de los grupos de riesgo.<\/p>\n<p>Las actividades consideradas en esta copa son futbol soccer, futbol 7, futbol r\u00e1pido y futbol 5, mismas que dar\u00e1n inicio este fin de semana en diferentes sedes; adem\u00e1s de ajedrez, skate, BMX Race y torneo de porteros.<\/p>\n<p>Es importante que los atletas y la poblaci\u00f3n en general que vayan a hacer uso de las instalaciones pr\u00f3ximas a abrir, acaten los lineamientos del protocolo que estar\u00e1n a la vista en cada uno de estos lugares y que son los siguientes:<\/p>\n<ol>\n<li>Uso obligatorio de cubrebocas (cubriendo boca y nariz)<\/li>\n<li>Portar art\u00edculos b\u00e1sicos de desinfecci\u00f3n como gel antibacterial<\/li>\n<li>Respetar la se\u00f1al\u00e9tica de entrada y salida a las instalaciones, as\u00ed como del sentido de circulaci\u00f3n en andadores y trotapistas<\/li>\n<li>Guardar la sana distancia con otros usuarios<\/li>\n<li>Uso de bancas con dos personas como m\u00e1ximo en cada una<\/li>\n<li>No saludar de beso, mano o abrazo (evitar contacto f\u00edsico)<\/li>\n<li>Cubrir la boca con el antebrazo en caso de toser o estornudar<\/li>\n<li>En la puerta indicada para la salida se colocar\u00e1 un cesto para el dep\u00f3sito de residuos de manejo especial como cubrebocas, pa\u00f1uelos desechables y guantes de l\u00e1tex<\/li>\n<li>Se proh\u00edbe la entrada a vendedores ambulantes<\/li>\n<li>Si presenta alg\u00fan s\u00edntoma relacionado con COVID-19, no se permitir\u00e1 el ingreso y se solicitar\u00e1 acudir a revisi\u00f3n m\u00e9dica<\/li>\n<\/ol>\n<p>El Municipio pide el apoyo de la ciudadan\u00eda para hacer un uso responsable de estas instalaciones y seguir todas las medidas anteriormente descritas, con el fin de que la pr\u00e1ctica deportiva se pueda reanudar sin que esto represente un riesgo para la ciudadan\u00eda.<\/p>\n<\/div>\n<\/article>\n<\/div>\n<\/div>\n<\/div>\n<\/div>\n","protected":false},"excerpt":{"rendered":"<p>Se abrir\u00e1n \u00fanicamente para la pr\u00e1ctica de disciplinas deportivas y activaci\u00f3n f\u00edsica, bajo protocolos autorizados por las autoridades sanitarias &nbsp; Luego de haber tenido que cerrar sus puertas debido a la contingencia sanitaria por COVID-19, los parques con espacios deportivos y los centros deportivos municipales abrir\u00e1n de manera gradual, bajo autorizaci\u00f3n y cumpliendo los protocolos [&hellip;]<\/p>\n","protected":false},"author":1,"featured_media":10159,"comment_status":"closed","ping_status":"open","sticky":false,"template":"","format":"standard","meta":{"advanced_seo_description":"","jetpack_seo_html_title":"","jetpack_seo_noindex":false,"_jetpack_memberships_contains_paid_content":false,"footnotes":"","jetpack_publicize_message":"","jetpack_publicize_feature_enabled":true,"jetpack_social_post_already_shared":true,"jetpack_social_options":{"image_generator_settings":{"template":"highway","default_image_id":0,"font":"","enabled":false},"version":2}},"categories":[21,3],"tags":[22,25],"class_list":["post-10158","post","type-post","status-publish","format-standard","has-post-thumbnail","hentry","category-aguascalientes","category-municipio-aguascalientes","tag-aguascalientes","tag-mpio-aguascalientes"],"jetpack_publicize_connections":[],"jetpack_featured_media_url":"https:\/\/i0.wp.com\/informativoelvalledeaguascalientes.online\/wp-content\/uploads\/2020\/08\/mpio_ags_deportes_13082020.jpeg?fit=956%2C526&ssl=1","jetpack-related-posts":[],"jetpack_sharing_enabled":true,"jetpack_likes_enabled":true,"_links":{"self":[{"href":"https:\/\/informativoelvalledeaguascalientes.online\/index.php?rest_route=\/wp\/v2\/posts\/10158","targetHints":{"allow":["GET"]}}],"collection":[{"href":"https:\/\/informativoelvalledeaguascalientes.online\/index.php?rest_route=\/wp\/v2\/posts"}],"about":[{"href":"https:\/\/informativoelvalledeaguascalientes.online\/index.php?rest_route=\/wp\/v2\/types\/post"}],"author":[{"embeddable":true,"href":"https:\/\/informativoelvalledeaguascalientes.online\/index.php?rest_route=\/wp\/v2\/users\/1"}],"replies":[{"embeddable":true,"href":"https:\/\/informativoelvalledeaguascalientes.online\/index.php?rest_route=%2Fwp%2Fv2%2Fcomments&post=10158"}],"version-history":[{"count":1,"href":"https:\/\/informativoelvalledeaguascalientes.online\/index.php?rest_route=\/wp\/v2\/posts\/10158\/revisions"}],"predecessor-version":[{"id":10160,"href":"https:\/\/informativoelvalledeaguascalientes.online\/index.php?rest_route=\/wp\/v2\/posts\/10158\/revisions\/10160"}],"wp:featuredmedia":[{"embeddable":true,"href":"https:\/\/informativoelvalledeaguascalientes.online\/index.php?rest_route=\/wp\/v2\/media\/10159"}],"wp:attachment":[{"href":"https:\/\/informativoelvalledeaguascalientes.online\/index.php?rest_route=%2Fwp%2Fv2%2Fmedia&parent=10158"}],"wp:term":[{"taxonomy":"category","embeddable":true,"href":"https:\/\/informativoelvalledeaguascalientes.online\/index.php?rest_route=%2Fwp%2Fv2%2Fcategories&post=10158"},{"taxonomy":"post_tag","embeddable":true,"href":"https:\/\/informativoelvalledeaguascalientes.online\/index.php?rest_route=%2Fwp%2Fv2%2Ftags&post=10158"}],"curies":[{"name":"wp","href":"https:\/\/api.w.org\/{rel}","templated":true}]}}