{"id":10155,"date":"2020-08-13T20:56:51","date_gmt":"2020-08-14T02:56:51","guid":{"rendered":"https:\/\/informativoelvalledeaguascalientes.online\/?p=10155"},"modified":"2020-08-13T20:56:51","modified_gmt":"2020-08-14T02:56:51","slug":"amplian-municipio-de-aguascalientes-y-club-de-leones-jornadas-de-entrega-de-lentes","status":"publish","type":"post","link":"https:\/\/informativoelvalledeaguascalientes.online\/?p=10155","title":{"rendered":"AMPL\u00cdAN MUNICIPIO DE AGUASCALIENTES Y CLUB DE LEONES JORNADAS DE ENTREGA DE LENTES"},"content":{"rendered":"<div class=\"opinion-section opinion-single-cover opinion-indent opinion-overlay\">\n<div class=\"container\">\n<div class=\"section-head row justify-content-center text-center\"><\/div>\n<\/div>\n<\/div>\n<div class=\"opinion-section\">\n<div class=\"container\">\n<div class=\"section-content row justify-content-center\">\n<div class=\"col-12 col-lg-8 opinion-order-1\">\n<article class=\"opinion-post opinion-single post-19282 post type-post status-publish format-standard has-post-thumbnail hentry category-desarrollo-social tag-alcaldesa-tere-jimenez tag-lentes-a-bajo-costo tag-leonardo-montanez-castro tag-secretaria-de-desarrollo-social tag-una-mirada-de-corazon\">\n<div class=\"entry-content\">\n<ul>\n<li><strong>El secretario de Desarrollo Social Municipal Leonardo Monta\u00f1ez, anunci\u00f3 que gracias a la excelente respuesta, las jornadas se realizar\u00e1n dos veces por semana<\/strong><\/li>\n<\/ul>\n<p>El secretario de Desarrollo Social Municipal (SEDESOM),\u00a0<strong>Leonardo Monta\u00f1ez Castro<\/strong>, anunci\u00f3 que gracias a la excelente respuesta de la ciudadan\u00eda hacia el programa de entrega de lentes \u00abUna Mirada de Coraz\u00f3n\u00bb, en conjunto con el Club de Leones se decidi\u00f3 incrementar a dos entregas por semana, por lo que a partir del 18 de agosto ser\u00e1 los martes y jueves en distintos puntos de la capital.<\/p>\n<p>Durante la entrega de este jueves en Boulevares, que se efect\u00fao con todas las medidas de prevenci\u00f3n sanitaria requeridas para evitar contagios de COVID-19, recalc\u00f3 que a partir de la nueva normalidad se han entregado alrededor de mil 200 lentes graduados para\u00a0mejorar la salud visual de las personas.<\/p>\n<p>Mencion\u00f3 que para la alcaldesa\u00a0<strong>Tere Jim\u00e9nez<\/strong>\u00a0es muy importante apoyar a las personas con problemas de la vista y mejorar su calidad de vida y desempe\u00f1o.<\/p>\n<p><strong>Leonardo Monta\u00f1ez<\/strong>\u00a0dijo que seguir\u00e1n llevando este programa a diferentes puntos de la ciudad, ofreciendo lentes graduados de calidad, pidiendo \u00fanicamente una cuota de recuperaci\u00f3n de 70 pesos por el examen de la vista.<\/p>\n<p>Para mayores informes, puso a disposici\u00f3n la l\u00ednea de Atenci\u00f3n Ciudadana 072 o el perfil de Facebook de la Secretar\u00eda de Desarrollo Social Municipal.<\/p>\n<\/div>\n<\/article>\n<\/div>\n<\/div>\n<\/div>\n<\/div>\n","protected":false},"excerpt":{"rendered":"<p>El secretario de Desarrollo Social Municipal Leonardo Monta\u00f1ez, anunci\u00f3 que gracias a la excelente respuesta, las jornadas se realizar\u00e1n dos veces por semana El secretario de Desarrollo Social Municipal (SEDESOM),\u00a0Leonardo Monta\u00f1ez Castro, anunci\u00f3 que gracias a la excelente respuesta de la ciudadan\u00eda hacia el programa de entrega de lentes \u00abUna Mirada de Coraz\u00f3n\u00bb, en conjunto [&hellip;]<\/p>\n","protected":false},"author":1,"featured_media":10156,"comment_status":"closed","ping_status":"open","sticky":false,"template":"","format":"standard","meta":{"_monsterinsights_skip_tracking":false,"advanced_seo_description":"","jetpack_seo_html_title":"","jetpack_seo_noindex":false,"jetpack_seo_schema_type":"","_jetpack_newsletter_access":"","_jetpack_dont_email_post_to_subs":false,"_jetpack_newsletter_tier_id":0,"_jetpack_memberships_contains_paywalled_content":false,"_jetpack_feature_clip_id":0,"_jetpack_memberships_contains_paid_content":false,"footnotes":"","jetpack_publicize_message":"","jetpack_publicize_feature_enabled":true,"jetpack_social_post_already_shared":true,"jetpack_social_options":{"image_generator_settings":{"template":"highway","default_image_id":0,"font":"","enabled":false},"version":2},"jetpack_post_was_ever_published":false},"categories":[21,3],"tags":[22,286],"class_list":["post-10155","post","type-post","status-publish","format-standard","has-post-thumbnail","hentry","category-aguascalientes","category-municipio-aguascalientes","tag-aguascalientes","tag-mpio-aguascalientes-sedesom"],"jetpack_publicize_connections":[],"jetpack_featured_media_url":"https:\/\/i0.wp.com\/informativoelvalledeaguascalientes.online\/wp-content\/uploads\/2020\/08\/mpio_ags_ojos_13082020.jpg?fit=1024%2C683&ssl=1","jetpack-related-posts":[],"jetpack_sharing_enabled":true,"jetpack_likes_enabled":true,"_links":{"self":[{"href":"https:\/\/informativoelvalledeaguascalientes.online\/index.php?rest_route=\/wp\/v2\/posts\/10155","targetHints":{"allow":["GET"]}}],"collection":[{"href":"https:\/\/informativoelvalledeaguascalientes.online\/index.php?rest_route=\/wp\/v2\/posts"}],"about":[{"href":"https:\/\/informativoelvalledeaguascalientes.online\/index.php?rest_route=\/wp\/v2\/types\/post"}],"author":[{"embeddable":true,"href":"https:\/\/informativoelvalledeaguascalientes.online\/index.php?rest_route=\/wp\/v2\/users\/1"}],"replies":[{"embeddable":true,"href":"https:\/\/informativoelvalledeaguascalientes.online\/index.php?rest_route=%2Fwp%2Fv2%2Fcomments&post=10155"}],"version-history":[{"count":1,"href":"https:\/\/informativoelvalledeaguascalientes.online\/index.php?rest_route=\/wp\/v2\/posts\/10155\/revisions"}],"predecessor-version":[{"id":10157,"href":"https:\/\/informativoelvalledeaguascalientes.online\/index.php?rest_route=\/wp\/v2\/posts\/10155\/revisions\/10157"}],"wp:featuredmedia":[{"embeddable":true,"href":"https:\/\/informativoelvalledeaguascalientes.online\/index.php?rest_route=\/wp\/v2\/media\/10156"}],"wp:attachment":[{"href":"https:\/\/informativoelvalledeaguascalientes.online\/index.php?rest_route=%2Fwp%2Fv2%2Fmedia&parent=10155"}],"wp:term":[{"taxonomy":"category","embeddable":true,"href":"https:\/\/informativoelvalledeaguascalientes.online\/index.php?rest_route=%2Fwp%2Fv2%2Fcategories&post=10155"},{"taxonomy":"post_tag","embeddable":true,"href":"https:\/\/informativoelvalledeaguascalientes.online\/index.php?rest_route=%2Fwp%2Fv2%2Ftags&post=10155"}],"curies":[{"name":"wp","href":"https:\/\/api.w.org\/{rel}","templated":true}]}}