{"id":10152,"date":"2020-08-13T20:19:36","date_gmt":"2020-08-14T02:19:36","guid":{"rendered":"https:\/\/informativoelvalledeaguascalientes.online\/?p=10152"},"modified":"2020-08-13T20:19:36","modified_gmt":"2020-08-14T02:19:36","slug":"impulsa-gobierno-del-estado-de-ags-reactivacion-economica-y-de-salud-en-municipios-a-traves-de-la-tecnologia","status":"publish","type":"post","link":"https:\/\/informativoelvalledeaguascalientes.online\/?p=10152","title":{"rendered":"IMPULSA GOBIERNO DEL ESTADO DE AGS. REACTIVACI\u00d3N ECON\u00d3MICA Y DE SALUD EN MUNICIPIOS A TRAV\u00c9S DE LA TECNOLOG\u00cdA"},"content":{"rendered":"<ul>\n<li style=\"font-weight: 400;\"><strong><em>Presentan a los alcaldes y representantes de municipios el programa SOS-Rescate Empresarial y el Sistema de Apoyo M\u00e9dico a Distancia<\/em><\/strong><\/li>\n<li style=\"font-weight: 400;\"><strong><em>Salud y econom\u00eda van de la mano, la sociedad necesita demandas que garanticen un desarrollo econ\u00f3mico sin exponer la salud de las personas: JMFF<\/em><\/strong><\/li>\n<\/ul>\n<p style=\"font-weight: 400;\"><strong><em>\u00a0<\/em><\/strong><\/p>\n<p style=\"font-weight: 400;\">El secretario General de Gobierno, Juan Manuel Flores Femat, presidi\u00f3 la reuni\u00f3n con alcaldes y representantes de los 11 municipios, en la que el rector de la Universidad Tecnol\u00f3gica de Aguascalientes (UT), Guillermo Hern\u00e1ndez Delgadillo Duque, les present\u00f3 el programa SOS-Rescate Empresarial, as\u00ed como el sistema de Apoyo M\u00e9dico a Distancia, con el fin de contribuir a la reactivaci\u00f3n econ\u00f3mica y de salud de sus localidades.<\/p>\n<p style=\"font-weight: 400;\">\n<p style=\"font-weight: 400;\">En su mensaje, Flores Femat se\u00f1al\u00f3 que en las siguientes reuniones se continuar\u00e1n explorando soluciones y alternativas para el cuidado de la salud de los habitantes de sus municipios, pues lo que la sociedad demanda son medidas colaborativas e interinstitucionales que garanticen el desarrollo econ\u00f3mico, sin exponer la salud e integridad f\u00edsica de las personas, pues no es momento de colocar en disyuntiva la salud contra la econom\u00eda, pues ambos temas son fundamentales y hoy m\u00e1s que nunca van de la mano.<\/p>\n<p style=\"font-weight: 400;\">\n<p style=\"font-weight: 400;\">Al dar a conocer al encargado de la pol\u00edtica interna y alcaldes de los municipios del estado, el rector de la UT, detall\u00f3 que el programa SOS-Rescate Empresarial, brinda\u00a0 asesor\u00eda empresarial, orientaci\u00f3n profesional, de gesti\u00f3n y tecnol\u00f3gica a empresarios del estado de manera gratuita y a distancia, que por motivos de la contingencia sanitaria del COVID-19, poseen dificultades para seguir operando.<\/p>\n<p style=\"font-weight: 400;\">\n<p style=\"font-weight: 400;\">Explic\u00f3 que a trav\u00e9s del portal\u00a0<a href=\"http:\/\/aguascalientes.tecnm.mx\/sosempresas\/\" data-saferedirecturl=\"https:\/\/www.google.com\/url?q=http:\/\/aguascalientes.tecnm.mx\/sosempresas\/&amp;source=gmail&amp;ust=1597455381922000&amp;usg=AFQjCNEnYytdqZyO1BQRZJO3--RMSzbhBA\">http:\/\/aguascalientes.tecnm.mx\/sosempresas\/<\/a>, un asesor del equipo multidisciplinario que colabora en este programa, identifica la problem\u00e1tica o necesidad primaria de los solicitantes, para posteriormente brindarles la asesor\u00eda, gesti\u00f3n o acompa\u00f1amiento que requieran en temas como administraci\u00f3n financiera, cr\u00e9ditos y financiamientos; tecnolog\u00edas de informaci\u00f3n y comercio electr\u00f3nico; ventas, mercadotecnia, log\u00edstica y gesti\u00f3n de proyectos; comunicaci\u00f3n estrat\u00e9gica y\u00a0 creaci\u00f3n de nuevas empresas; as\u00ed como regularizaci\u00f3n del comercio informal.<\/p>\n<p style=\"font-weight: 400;\">\n<p style=\"font-weight: 400;\">Profundiz\u00f3 que este programa en el que tambi\u00e9n participan la Secretar\u00eda de Desarrollo Econ\u00f3mico (Sedec), el Tecnol\u00f3gico Nacional de M\u00e9xico, la Universidad Aut\u00f3noma de Aguascalientes, entre otras instituciones de educaci\u00f3n\u00a0 superior, es un apoyo para los municipios no s\u00f3lo en la reactivaci\u00f3n econ\u00f3mica, sino tambi\u00e9n puede impulsarlos a un desarrollo productivo regional.<\/p>\n<p style=\"font-weight: 400;\">\n<p style=\"font-weight: 400;\">Hern\u00e1ndez Duque Delgadillo acot\u00f3 tambi\u00e9n que ya est\u00e1 en operaci\u00f3n el Sistema de Apoyo M\u00e9dico a Distancia, dise\u00f1ado y operado por la misma red de instituciones de educaci\u00f3n superior referidas, a fin de resolver dudas y brindar atenci\u00f3n oportuna\u00a0a quienes por cuestiones econ\u00f3micas, geogr\u00e1ficas, de salud o laborales, no pueden acceder a servicios m\u00e9dicos, pero requieren un diagn\u00f3stico por s\u00edntomas o enfermedades de las v\u00edas respiratorias y por factores de riesgo por COVID-19; mencion\u00f3 adem\u00e1s\u00a0 que los usuarios pueden recibir\u00a0atenci\u00f3n para el cuidado de su salud mental y psicol\u00f3gica, todo a trav\u00e9s del portal\u00a0<a href=\"http:\/\/aguascalientes.tecnm.mx\/asmegrad\/\" data-saferedirecturl=\"https:\/\/www.google.com\/url?q=http:\/\/aguascalientes.tecnm.mx\/asmegrad\/&amp;source=gmail&amp;ust=1597455381922000&amp;usg=AFQjCNFc-0drgZw6TtpJ2eoeXCFggUMn0Q\">http:\/\/aguascalientes.tecnm.mx\/asmegrad\/<\/a>.<\/p>\n<p style=\"font-weight: 400;\">\n","protected":false},"excerpt":{"rendered":"<p>Presentan a los alcaldes y representantes de municipios el programa SOS-Rescate Empresarial y el Sistema de Apoyo M\u00e9dico a Distancia Salud y econom\u00eda van de la mano, la sociedad necesita demandas que garanticen un desarrollo econ\u00f3mico sin exponer la salud de las personas: JMFF \u00a0 El secretario General de Gobierno, Juan Manuel Flores Femat, presidi\u00f3 [&hellip;]<\/p>\n","protected":false},"author":1,"featured_media":10153,"comment_status":"closed","ping_status":"open","sticky":false,"template":"","format":"standard","meta":{"advanced_seo_description":"","jetpack_seo_html_title":"","jetpack_seo_noindex":false,"_jetpack_memberships_contains_paid_content":false,"footnotes":"","jetpack_publicize_message":"","jetpack_publicize_feature_enabled":true,"jetpack_social_post_already_shared":true,"jetpack_social_options":{"image_generator_settings":{"template":"highway","default_image_id":0,"font":"","enabled":false},"version":2}},"categories":[21,4],"tags":[22,51],"class_list":["post-10152","post","type-post","status-publish","format-standard","has-post-thumbnail","hentry","category-aguascalientes","category-gobierno-del-estado-aguascalientes","tag-aguascalientes","tag-seggob"],"jetpack_publicize_connections":[],"jetpack_featured_media_url":"https:\/\/i0.wp.com\/informativoelvalledeaguascalientes.online\/wp-content\/uploads\/2020\/08\/seggob_13082020.jpg?fit=938%2C625&ssl=1","jetpack-related-posts":[],"jetpack_sharing_enabled":true,"jetpack_likes_enabled":true,"_links":{"self":[{"href":"https:\/\/informativoelvalledeaguascalientes.online\/index.php?rest_route=\/wp\/v2\/posts\/10152","targetHints":{"allow":["GET"]}}],"collection":[{"href":"https:\/\/informativoelvalledeaguascalientes.online\/index.php?rest_route=\/wp\/v2\/posts"}],"about":[{"href":"https:\/\/informativoelvalledeaguascalientes.online\/index.php?rest_route=\/wp\/v2\/types\/post"}],"author":[{"embeddable":true,"href":"https:\/\/informativoelvalledeaguascalientes.online\/index.php?rest_route=\/wp\/v2\/users\/1"}],"replies":[{"embeddable":true,"href":"https:\/\/informativoelvalledeaguascalientes.online\/index.php?rest_route=%2Fwp%2Fv2%2Fcomments&post=10152"}],"version-history":[{"count":1,"href":"https:\/\/informativoelvalledeaguascalientes.online\/index.php?rest_route=\/wp\/v2\/posts\/10152\/revisions"}],"predecessor-version":[{"id":10154,"href":"https:\/\/informativoelvalledeaguascalientes.online\/index.php?rest_route=\/wp\/v2\/posts\/10152\/revisions\/10154"}],"wp:featuredmedia":[{"embeddable":true,"href":"https:\/\/informativoelvalledeaguascalientes.online\/index.php?rest_route=\/wp\/v2\/media\/10153"}],"wp:attachment":[{"href":"https:\/\/informativoelvalledeaguascalientes.online\/index.php?rest_route=%2Fwp%2Fv2%2Fmedia&parent=10152"}],"wp:term":[{"taxonomy":"category","embeddable":true,"href":"https:\/\/informativoelvalledeaguascalientes.online\/index.php?rest_route=%2Fwp%2Fv2%2Fcategories&post=10152"},{"taxonomy":"post_tag","embeddable":true,"href":"https:\/\/informativoelvalledeaguascalientes.online\/index.php?rest_route=%2Fwp%2Fv2%2Ftags&post=10152"}],"curies":[{"name":"wp","href":"https:\/\/api.w.org\/{rel}","templated":true}]}}