{"id":10146,"date":"2020-08-13T20:04:51","date_gmt":"2020-08-14T02:04:51","guid":{"rendered":"https:\/\/informativoelvalledeaguascalientes.online\/?p=10146"},"modified":"2020-08-13T20:04:51","modified_gmt":"2020-08-14T02:04:51","slug":"ica-instala-consejo-estatal-de-promocion-lectora","status":"publish","type":"post","link":"https:\/\/informativoelvalledeaguascalientes.online\/?p=10146","title":{"rendered":"ICA INSTALA CONSEJO ESTATAL DE PROMOCI\u00d3N LECTORA"},"content":{"rendered":"<ul>\n<li dir=\"ltr\">\n<p dir=\"ltr\">Este Consejo incluye a representantes de la cultura y la educaci\u00f3n, as\u00ed como legislativos, empresariales y de asociaciones de la sociedad civil<\/p>\n<\/li>\n<li dir=\"ltr\">\n<p dir=\"ltr\">El programa del Consejo incluye 16 programas estrat\u00e9gicos para promover la lectura en diversas comunidades y plataformas<\/p>\n<\/li>\n<\/ul>\n<p dir=\"ltr\">\n<p dir=\"ltr\">Con la finalidad de ampliar el acceso a los m\u00faltiples materiales y plataformas de lectura, y fortalecer la cultura lectora y de escritura en la poblaci\u00f3n, el Instituto Cultural de Aguascalientes (ICA) llev\u00f3 a cabo la instalaci\u00f3n del Consejo Estatal para la Promoci\u00f3n de la Lectura y el Libro, y la presentaci\u00f3n del programa general de dicho consejo.<\/p>\n<p>&nbsp;<\/p>\n<p dir=\"ltr\">En una pol\u00edtica de corresponsabilidad social entre la ciudadan\u00eda y las instituciones, este consejo cuenta con una representaci\u00f3n de la administraci\u00f3n cultural, de la autoridad educativa, del poder legislativo, y de las asociaciones de librer\u00edas, quienes tomaron protesta como integrantes del Consejo y conocieron la propuesta del Programa Estatal de Promoci\u00f3n a la Lectura y el Libro, la cual se trabaja conjuntamente para enviarse al Ejecutivo para su aplicaci\u00f3n.<\/p>\n<p dir=\"ltr\">\n<p dir=\"ltr\">De este modo, el Consejo qued\u00f3 integrado por parte del ICA, con Claudia Santa Ana Zald\u00edvar, presidenta; Heriberto B\u00e9jar M\u00e9ndez, secretario; Claudia Quezada Rodr\u00edguez, Coordinadora del Centro de Investigaci\u00f3n y Estudios Literarios (CIELA) \u201cFraguas\u201d; Araceli Su\u00e1rez Aroche, Jefa del Departamento Editorial; Pilar Garc\u00eda Mart\u00ednez, Enlace Estatal de Fomento a la Lectura; y Lluvia Cervantes Vega, Subdirectora de la Red Estatal de Bibliotecas P\u00fablicas.<\/p>\n<p dir=\"ltr\">\n<p dir=\"ltr\">Por parte del IEA, Antonio Casillas Rodr\u00edguez, Subdirector de Unidades Regionales; y en representaci\u00f3n del Poder Legislativo, Mario Armando Valdez Herrera, Presidente de la Comisi\u00f3n de Educaci\u00f3n y Cultura. Tambi\u00e9n, de la sociedad civil, Jos\u00e9 de la Torre, representante de la Comunidad de Autores de Aguascalientes; as\u00ed como C\u00e9sar Salvador G\u00f3mez D\u00edaz, Presidente de la Asociaci\u00f3n de Libreros del Estado, y Luis Gerardo Hern\u00e1ndez Ortiz, gerente de la Librer\u00eda de los Escritores.<\/p>\n<p dir=\"ltr\">\n<p dir=\"ltr\">Este consejo busca la participaci\u00f3n de la sociedad, estimulando y difundiendo la creaci\u00f3n art\u00edstica, cient\u00edfica y acad\u00e9mica, y creando puentes interinstitucionales e intersectoriales que permitan abrir espacios para el desarrollo e inclusi\u00f3n de una oferta digital que adem\u00e1s promueva el uso de los espacios virtuales y el aprovechamiento de las tecnolog\u00edas.<\/p>\n","protected":false},"excerpt":{"rendered":"<p>Este Consejo incluye a representantes de la cultura y la educaci\u00f3n, as\u00ed como legislativos, empresariales y de asociaciones de la sociedad civil El programa del Consejo incluye 16 programas estrat\u00e9gicos para promover la lectura en diversas comunidades y plataformas Con la finalidad de ampliar el acceso a los m\u00faltiples materiales y plataformas de lectura, y [&hellip;]<\/p>\n","protected":false},"author":1,"featured_media":10147,"comment_status":"closed","ping_status":"open","sticky":false,"template":"","format":"standard","meta":{"_monsterinsights_skip_tracking":false,"advanced_seo_description":"","jetpack_seo_html_title":"","jetpack_seo_noindex":false,"jetpack_seo_schema_type":"","_jetpack_newsletter_access":"","_jetpack_dont_email_post_to_subs":false,"_jetpack_newsletter_tier_id":0,"_jetpack_memberships_contains_paywalled_content":false,"_jetpack_feature_clip_id":0,"_jetpack_memberships_contains_paid_content":false,"footnotes":"","jetpack_publicize_message":"","jetpack_publicize_feature_enabled":true,"jetpack_social_post_already_shared":true,"jetpack_social_options":{"image_generator_settings":{"template":"highway","default_image_id":0,"font":"","enabled":false},"version":2},"jetpack_post_was_ever_published":false},"categories":[21,4],"tags":[22,52],"class_list":["post-10146","post","type-post","status-publish","format-standard","has-post-thumbnail","hentry","category-aguascalientes","category-gobierno-del-estado-aguascalientes","tag-aguascalientes","tag-ica"],"jetpack_publicize_connections":[],"jetpack_featured_media_url":"https:\/\/i0.wp.com\/informativoelvalledeaguascalientes.online\/wp-content\/uploads\/2020\/08\/ica_13082020.jpg?fit=938%2C625&ssl=1","jetpack-related-posts":[],"jetpack_sharing_enabled":true,"jetpack_likes_enabled":true,"_links":{"self":[{"href":"https:\/\/informativoelvalledeaguascalientes.online\/index.php?rest_route=\/wp\/v2\/posts\/10146","targetHints":{"allow":["GET"]}}],"collection":[{"href":"https:\/\/informativoelvalledeaguascalientes.online\/index.php?rest_route=\/wp\/v2\/posts"}],"about":[{"href":"https:\/\/informativoelvalledeaguascalientes.online\/index.php?rest_route=\/wp\/v2\/types\/post"}],"author":[{"embeddable":true,"href":"https:\/\/informativoelvalledeaguascalientes.online\/index.php?rest_route=\/wp\/v2\/users\/1"}],"replies":[{"embeddable":true,"href":"https:\/\/informativoelvalledeaguascalientes.online\/index.php?rest_route=%2Fwp%2Fv2%2Fcomments&post=10146"}],"version-history":[{"count":1,"href":"https:\/\/informativoelvalledeaguascalientes.online\/index.php?rest_route=\/wp\/v2\/posts\/10146\/revisions"}],"predecessor-version":[{"id":10148,"href":"https:\/\/informativoelvalledeaguascalientes.online\/index.php?rest_route=\/wp\/v2\/posts\/10146\/revisions\/10148"}],"wp:featuredmedia":[{"embeddable":true,"href":"https:\/\/informativoelvalledeaguascalientes.online\/index.php?rest_route=\/wp\/v2\/media\/10147"}],"wp:attachment":[{"href":"https:\/\/informativoelvalledeaguascalientes.online\/index.php?rest_route=%2Fwp%2Fv2%2Fmedia&parent=10146"}],"wp:term":[{"taxonomy":"category","embeddable":true,"href":"https:\/\/informativoelvalledeaguascalientes.online\/index.php?rest_route=%2Fwp%2Fv2%2Fcategories&post=10146"},{"taxonomy":"post_tag","embeddable":true,"href":"https:\/\/informativoelvalledeaguascalientes.online\/index.php?rest_route=%2Fwp%2Fv2%2Ftags&post=10146"}],"curies":[{"name":"wp","href":"https:\/\/api.w.org\/{rel}","templated":true}]}}