{"id":10143,"date":"2020-08-13T20:00:55","date_gmt":"2020-08-14T02:00:55","guid":{"rendered":"https:\/\/informativoelvalledeaguascalientes.online\/?p=10143"},"modified":"2020-08-13T20:00:55","modified_gmt":"2020-08-14T02:00:55","slug":"alianza-por-los-jovenes-proyecto-para-fomentar-la-paz-entre-las-juventudes-de-aguascalientes","status":"publish","type":"post","link":"https:\/\/informativoelvalledeaguascalientes.online\/?p=10143","title":{"rendered":"\u201cALIANZA POR LOS J\u00d3VENES\u201d PROYECTO PARA FOMENTAR LA PAZ ENTRE LAS JUVENTUDES DE AGUASCALIENTES"},"content":{"rendered":"<ul>\n<li dir=\"ltr\">\n<p dir=\"ltr\">IAJU se integra al Programa de las Organizaci\u00f3n de las Naciones Unidas (ONU)<\/p>\n<\/li>\n<li dir=\"ltr\">\n<p dir=\"ltr\">300 j\u00f3venes ser\u00e1n apadrinados por 10 universidades en Aguascalientes<\/p>\n<\/li>\n<li dir=\"ltr\">\n<p dir=\"ltr\">Las y los j\u00f3venes del estado comprometidos con la visi\u00f3n global de ODS<\/p>\n<\/li>\n<\/ul>\n<p dir=\"ltr\">En apego a los objetivos de la Organizaci\u00f3n de las Naciones Unidas (ONU), el Instituto Aguascalentense de la Juventud desarrolla el proyecto Alianza por los J\u00f3venes, buscando fomentar la paz entre las juventudes de las comunidades y zonas m\u00e1s conflictivas de Aguascalientes.<\/p>\n<p dir=\"ltr\">As\u00ed lo mencion\u00f3 Ruth Guzm\u00e1n, titular del IAJU, durante la presentaci\u00f3n del proyecto, el cual responde a uno de los 17 Objetivos de Desarrollo Sostenible de la ONU y con el cual se crea un frente de j\u00f3venes que apoyen a otros que se encuentren en situaciones complicadas.<\/p>\n<p dir=\"ltr\">Para atender las diversas problem\u00e1ticas a las que se enfrentan las y los j\u00f3venes de Aguascalientes; violencia, delincuencia, el uso de sustancias psicoactivas, la deserci\u00f3n escolar, los embarazos a temprana edad y el suicidio, es fundamental promover el desarrollo e integridad de los j\u00f3venes, a trav\u00e9s de acciones coordinadas.<\/p>\n<p dir=\"ltr\">Por ello, este proyecto conjunta los esfuerzos de universidades, organizaciones civiles y gobierno, buscando mitigar la violencia, la resoluci\u00f3n positiva de conflictos y promoviendo el desarrollo integral de los j\u00f3venes.<\/p>\n<p dir=\"ltr\">El proyecto, de manera mensual, brindar\u00e1 una orientaci\u00f3n distinta a j\u00f3venes de diversas colonias durante un a\u00f1o; a trav\u00e9s del papel activo de los j\u00f3venes universitarios, quienes apadrinar\u00e1n a cada uno de los beneficiarios, se fomentar\u00e1 y promover\u00e1 una cultura de paz.<\/p>\n<p dir=\"ltr\">Las 10 universidades participantes (UAA, ITA, UTMA, UPA, UTA, UP, UVM, TUA, Universidad Cuauht\u00e9moc y Tecnol\u00f3gico de Monterrey) apadrinar\u00e1n a 300 j\u00f3venes en 10 colonias distintas, con el compromiso de organizar actividades de provecho para los participantes, relacionadas al tema de cada mes.<\/p>\n<p dir=\"ltr\">En septiembre se comenzar\u00e1 con \u201cPilares por la Paz\u201d para conmemorar el D\u00eda Internacional de la Paz, dando a los j\u00f3venes un panorama general sobre la necesidad de practicar y promover dicho valor en sus relaciones interpersonales y frente a su comunidad.<\/p>\n","protected":false},"excerpt":{"rendered":"<p>IAJU se integra al Programa de las Organizaci\u00f3n de las Naciones Unidas (ONU) 300 j\u00f3venes ser\u00e1n apadrinados por 10 universidades en Aguascalientes Las y los j\u00f3venes del estado comprometidos con la visi\u00f3n global de ODS En apego a los objetivos de la Organizaci\u00f3n de las Naciones Unidas (ONU), el Instituto Aguascalentense de la Juventud desarrolla [&hellip;]<\/p>\n","protected":false},"author":1,"featured_media":10144,"comment_status":"closed","ping_status":"open","sticky":false,"template":"","format":"standard","meta":{"advanced_seo_description":"","jetpack_seo_html_title":"","jetpack_seo_noindex":false,"_jetpack_memberships_contains_paid_content":false,"footnotes":"","jetpack_publicize_message":"","jetpack_publicize_feature_enabled":true,"jetpack_social_post_already_shared":true,"jetpack_social_options":{"image_generator_settings":{"template":"highway","default_image_id":0,"font":"","enabled":false},"version":2}},"categories":[21,4],"tags":[22,35],"class_list":["post-10143","post","type-post","status-publish","format-standard","has-post-thumbnail","hentry","category-aguascalientes","category-gobierno-del-estado-aguascalientes","tag-aguascalientes","tag-iaju"],"jetpack_publicize_connections":[],"jetpack_featured_media_url":"https:\/\/i0.wp.com\/informativoelvalledeaguascalientes.online\/wp-content\/uploads\/2020\/08\/iaju_13082020.jpg?fit=1024%2C683&ssl=1","jetpack-related-posts":[],"jetpack_sharing_enabled":true,"jetpack_likes_enabled":true,"_links":{"self":[{"href":"https:\/\/informativoelvalledeaguascalientes.online\/index.php?rest_route=\/wp\/v2\/posts\/10143","targetHints":{"allow":["GET"]}}],"collection":[{"href":"https:\/\/informativoelvalledeaguascalientes.online\/index.php?rest_route=\/wp\/v2\/posts"}],"about":[{"href":"https:\/\/informativoelvalledeaguascalientes.online\/index.php?rest_route=\/wp\/v2\/types\/post"}],"author":[{"embeddable":true,"href":"https:\/\/informativoelvalledeaguascalientes.online\/index.php?rest_route=\/wp\/v2\/users\/1"}],"replies":[{"embeddable":true,"href":"https:\/\/informativoelvalledeaguascalientes.online\/index.php?rest_route=%2Fwp%2Fv2%2Fcomments&post=10143"}],"version-history":[{"count":1,"href":"https:\/\/informativoelvalledeaguascalientes.online\/index.php?rest_route=\/wp\/v2\/posts\/10143\/revisions"}],"predecessor-version":[{"id":10145,"href":"https:\/\/informativoelvalledeaguascalientes.online\/index.php?rest_route=\/wp\/v2\/posts\/10143\/revisions\/10145"}],"wp:featuredmedia":[{"embeddable":true,"href":"https:\/\/informativoelvalledeaguascalientes.online\/index.php?rest_route=\/wp\/v2\/media\/10144"}],"wp:attachment":[{"href":"https:\/\/informativoelvalledeaguascalientes.online\/index.php?rest_route=%2Fwp%2Fv2%2Fmedia&parent=10143"}],"wp:term":[{"taxonomy":"category","embeddable":true,"href":"https:\/\/informativoelvalledeaguascalientes.online\/index.php?rest_route=%2Fwp%2Fv2%2Fcategories&post=10143"},{"taxonomy":"post_tag","embeddable":true,"href":"https:\/\/informativoelvalledeaguascalientes.online\/index.php?rest_route=%2Fwp%2Fv2%2Ftags&post=10143"}],"curies":[{"name":"wp","href":"https:\/\/api.w.org\/{rel}","templated":true}]}}