{"id":10139,"date":"2020-08-13T19:52:32","date_gmt":"2020-08-14T01:52:32","guid":{"rendered":"https:\/\/informativoelvalledeaguascalientes.online\/?p=10139"},"modified":"2020-08-13T19:52:32","modified_gmt":"2020-08-14T01:52:32","slug":"revisa-guardia-sanitaria-a-mas-unidades-del-transporte-publico-issea","status":"publish","type":"post","link":"https:\/\/informativoelvalledeaguascalientes.online\/?p=10139","title":{"rendered":"REVISA GUARDIA SANITARIA A M\u00c1S UNIDADES DEL TRANSPORTE P\u00daBLICO: ISSEA"},"content":{"rendered":"<ul>\n<li dir=\"ltr\">\n<p dir=\"ltr\">Se supervisaron mil 556 camiones urbanos, mil 616 taxis y 587 combis durante una jornada<\/p>\n<\/li>\n<li dir=\"ltr\">\n<p dir=\"ltr\">Las unidades que no cumplen las medidas deber\u00e1n tomar un curso sobre cuidado sanitarios, de lo contrario recibir\u00e1n una multa<\/p>\n<\/li>\n<\/ul>\n<p>&nbsp;<\/p>\n<p dir=\"ltr\">Los operativos que realiza la Guardia Sanitaria en el transporte p\u00fablico pretenden cuidar a los usuarios de cualquier contagio de Coronavirus (Covid-19) y hacer conciencia entre la poblaci\u00f3n de la importancia de seguir las medidas sanitarias b\u00e1sicas, como el uso del cubrebocas y del gel antibacterial para la limpieza de las manos, as\u00ed lo afirm\u00f3 el director de Servicios a la Salud del Instituto de Servicios de Salud del Estado de Aguascalientes (ISSEA), Yosef Guirao Vega.<\/p>\n<p>&nbsp;<\/p>\n<p dir=\"ltr\">Inform\u00f3 que personal de la Guardia Sanitaria, en su \u00faltimo operativo realizado el pasado 11 de agosto, supervis\u00f3 mil 556 camiones urbanos, mil 616 taxis y 587 combis, de los cuales, 84 taxis, 21 combis y 75 autobuses reportaron alguna reincidencia, por lo que fueron remitidos a la Coordinaci\u00f3n General de Movilidad para que rindan cuentas.<\/p>\n<p>&nbsp;<\/p>\n<p dir=\"ltr\">Guirao Vega coment\u00f3 que a trav\u00e9s de los operativos de vigilancia se identific\u00f3 que estas unidades no contaban con sanitizante disponible para el p\u00fablico, por lo que se les ha brindado informaci\u00f3n a los choferes para que aprendan a fabricar su propio gel o limpiador antibacterial.<\/p>\n<p>&nbsp;<\/p>\n<p dir=\"ltr\">El director de Servicios a la Salud del ISSEA Indic\u00f3 que la Coordinaci\u00f3n General de Movilidad brindar\u00e1 un curso para los choferes de las unidades reincidentes sobre las medidas sanitarias b\u00e1sicas que se deben adoptar durante la actual contingencia por el Covid-19 y que deber\u00e1n aplicar en el transporte p\u00fablico; dijo que quienes no se presenten a la capacitaci\u00f3n ser\u00e1n acreedores a una multa econ\u00f3mica.<\/p>\n<p>&nbsp;<\/p>\n<p dir=\"ltr\">Finalmente, se\u00f1al\u00f3 que la Guardia Sanitaria continuar\u00e1 llevando a cabo operativos en el transporte p\u00fablico y sobre todo brindando informaci\u00f3n a los usuarios sobre las medidas sanitarias que son obligatorias durante la pandemia del Covid-19.<\/p>\n","protected":false},"excerpt":{"rendered":"<p>Se supervisaron mil 556 camiones urbanos, mil 616 taxis y 587 combis durante una jornada Las unidades que no cumplen las medidas deber\u00e1n tomar un curso sobre cuidado sanitarios, de lo contrario recibir\u00e1n una multa &nbsp; Los operativos que realiza la Guardia Sanitaria en el transporte p\u00fablico pretenden cuidar a los usuarios de cualquier contagio [&hellip;]<\/p>\n","protected":false},"author":1,"featured_media":10140,"comment_status":"closed","ping_status":"open","sticky":false,"template":"","format":"standard","meta":{"advanced_seo_description":"","jetpack_seo_html_title":"","jetpack_seo_noindex":false,"_jetpack_memberships_contains_paid_content":false,"footnotes":"","jetpack_publicize_message":"","jetpack_publicize_feature_enabled":true,"jetpack_social_post_already_shared":true,"jetpack_social_options":{"image_generator_settings":{"template":"highway","default_image_id":0,"font":"","enabled":false},"version":2}},"categories":[21,4],"tags":[22,235,30],"class_list":["post-10139","post","type-post","status-publish","format-standard","has-post-thumbnail","hentry","category-aguascalientes","category-gobierno-del-estado-aguascalientes","tag-aguascalientes","tag-guardia-sanitaria","tag-issea"],"jetpack_publicize_connections":[],"jetpack_featured_media_url":"https:\/\/i0.wp.com\/informativoelvalledeaguascalientes.online\/wp-content\/uploads\/2020\/08\/issea_guardia_sanit_13082020.jpg?fit=1040%2C520&ssl=1","jetpack-related-posts":[],"jetpack_sharing_enabled":true,"jetpack_likes_enabled":true,"_links":{"self":[{"href":"https:\/\/informativoelvalledeaguascalientes.online\/index.php?rest_route=\/wp\/v2\/posts\/10139","targetHints":{"allow":["GET"]}}],"collection":[{"href":"https:\/\/informativoelvalledeaguascalientes.online\/index.php?rest_route=\/wp\/v2\/posts"}],"about":[{"href":"https:\/\/informativoelvalledeaguascalientes.online\/index.php?rest_route=\/wp\/v2\/types\/post"}],"author":[{"embeddable":true,"href":"https:\/\/informativoelvalledeaguascalientes.online\/index.php?rest_route=\/wp\/v2\/users\/1"}],"replies":[{"embeddable":true,"href":"https:\/\/informativoelvalledeaguascalientes.online\/index.php?rest_route=%2Fwp%2Fv2%2Fcomments&post=10139"}],"version-history":[{"count":1,"href":"https:\/\/informativoelvalledeaguascalientes.online\/index.php?rest_route=\/wp\/v2\/posts\/10139\/revisions"}],"predecessor-version":[{"id":10141,"href":"https:\/\/informativoelvalledeaguascalientes.online\/index.php?rest_route=\/wp\/v2\/posts\/10139\/revisions\/10141"}],"wp:featuredmedia":[{"embeddable":true,"href":"https:\/\/informativoelvalledeaguascalientes.online\/index.php?rest_route=\/wp\/v2\/media\/10140"}],"wp:attachment":[{"href":"https:\/\/informativoelvalledeaguascalientes.online\/index.php?rest_route=%2Fwp%2Fv2%2Fmedia&parent=10139"}],"wp:term":[{"taxonomy":"category","embeddable":true,"href":"https:\/\/informativoelvalledeaguascalientes.online\/index.php?rest_route=%2Fwp%2Fv2%2Fcategories&post=10139"},{"taxonomy":"post_tag","embeddable":true,"href":"https:\/\/informativoelvalledeaguascalientes.online\/index.php?rest_route=%2Fwp%2Fv2%2Ftags&post=10139"}],"curies":[{"name":"wp","href":"https:\/\/api.w.org\/{rel}","templated":true}]}}