{"id":10121,"date":"2020-08-12T15:53:09","date_gmt":"2020-08-12T21:53:09","guid":{"rendered":"https:\/\/informativoelvalledeaguascalientes.online\/?p=10121"},"modified":"2020-08-12T15:53:09","modified_gmt":"2020-08-12T21:53:09","slug":"reallifeheroes-un-homenaje-en-el-dia-mundial-de-la-asistencia-humanitaria","status":"publish","type":"post","link":"https:\/\/informativoelvalledeaguascalientes.online\/?p=10121","title":{"rendered":"#RealLifeHeroes\u00a0un homenaje en\u00a0el D\u00eda Mundial de la Asistencia Humanitaria"},"content":{"rendered":"<p style=\"font-weight: 400;\">Este 19 de agosto se conmemora el D\u00eda Mundial de la Asistencia Humanitaria, en el que los organismos p\u00fablicos de defensa y promoci\u00f3n de derechos humanos, rinden homenaje a los trabajadores humanitarios que han sido asesinados o resultaron heridos en el desempe\u00f1o de su labor, y se honran\u00a0 sus servicios que contin\u00faan a pesar de las dificultades, prestando asistencia y protecci\u00f3n a millones de personas, como es el caso de quienes en todo el mundo han estado combatiendo al COVID-19 a lo largo de este a\u00f1o.<\/p>\n<p style=\"font-weight: 400;\">La pandemia del coronavirus ha sido uno de los desaf\u00edos m\u00e1s complejos para las operaciones humanitarias en todo el mundo. La falta de acceso y las restricciones impuestas por los gobiernos de todo el mundo ha provocado que no s\u00f3lo el personal m\u00e9dico y especialistas sean los que hayan estado en primera l\u00ednea de atenci\u00f3n, sino que ha generado la respuesta de las propias comunidades, la sociedad civil y las Organizaciones de la Sociedad Civil locales.<\/p>\n<p style=\"font-weight: 400;\">Este a\u00f1o, el D\u00eda Mundial de la Asistencia Humanitaria se celebrar\u00e1 en una situaci\u00f3n de pandemia, en la que la poblaci\u00f3n se encuentra en plena lucha contra el SARS-CoV-2. Los trabajadores del sector salud y humanitario est\u00e1n superando obst\u00e1culos de acceso sin precedentes para ayudar a las personas en crisis humanitaria en 54 pa\u00edses, as\u00ed como en otros nueve pa\u00edses que han sido catapultados a la necesidad humanitaria por la pandemia COVID-19.<\/p>\n<p style=\"font-weight: 400;\">Es por esto que la Comisi\u00f3n de Derechos Humanos del Estado de Aguascalientes se une al reconocimiento a las acciones del personal de salud y los voluntarios que est\u00e1n exponi\u00e9ndose diariamente por el bien de nuestra comunidad, uni\u00e9ndose a la\u00a0campa\u00f1a global\u00a0<em>#RealLifeHeroes,<\/em>\u00a0para rendir tributo a los trabajadores humanitarios, dando un &#8220;gracias&#8221; a las personas que durante esta pandemia han arriesgado sus vidas a ayudar a los otros.<\/p>\n<p style=\"font-weight: 400;\">La CDHEA invita a la poblaci\u00f3n en general, a que si usted conoce a una persona a la cu\u00e1l quiera reconocer por su labor en esta pandemia, env\u00ede a nuestras redes sociales un retrato con una breve explicaci\u00f3n de el por qu\u00e9 recocer a esa persona, con el\u00a0<em>hashtag\u00a0<strong>#RealLifeHeroes<\/strong>\u00a0y\u00a0<\/em>etiquete a la CDHEA en Facebook como Derechos Humanos Aguascalientes y Comisi\u00f3n de Derechos Humanos del Estado de Aguascalientes y en Twitter @CEDH_Ags, o bien, la env\u00ede al correo: comunicaci\u00f3<a href=\"mailto:n@dhags.org\">n@dhags.org<\/a><\/p>\n","protected":false},"excerpt":{"rendered":"<p>Este 19 de agosto se conmemora el D\u00eda Mundial de la Asistencia Humanitaria, en el que los organismos p\u00fablicos de defensa y promoci\u00f3n de derechos humanos, rinden homenaje a los trabajadores humanitarios que han sido asesinados o resultaron heridos en el desempe\u00f1o de su labor, y se honran\u00a0 sus servicios que contin\u00faan a pesar de [&hellip;]<\/p>\n","protected":false},"author":1,"featured_media":10122,"comment_status":"closed","ping_status":"open","sticky":false,"template":"","format":"standard","meta":{"advanced_seo_description":"","jetpack_seo_html_title":"","jetpack_seo_noindex":false,"_jetpack_memberships_contains_paid_content":false,"footnotes":"","jetpack_publicize_message":"","jetpack_publicize_feature_enabled":true,"jetpack_social_post_already_shared":true,"jetpack_social_options":{"image_generator_settings":{"template":"highway","default_image_id":0,"font":"","enabled":false},"version":2}},"categories":[21,4],"tags":[22,154],"class_list":["post-10121","post","type-post","status-publish","format-standard","has-post-thumbnail","hentry","category-aguascalientes","category-gobierno-del-estado-aguascalientes","tag-aguascalientes","tag-cdhea"],"jetpack_publicize_connections":[],"jetpack_featured_media_url":"https:\/\/i0.wp.com\/informativoelvalledeaguascalientes.online\/wp-content\/uploads\/2020\/08\/Asistencia-Humanitaria.png?fit=429%2C395&ssl=1","jetpack-related-posts":[],"jetpack_sharing_enabled":true,"jetpack_likes_enabled":true,"_links":{"self":[{"href":"https:\/\/informativoelvalledeaguascalientes.online\/index.php?rest_route=\/wp\/v2\/posts\/10121","targetHints":{"allow":["GET"]}}],"collection":[{"href":"https:\/\/informativoelvalledeaguascalientes.online\/index.php?rest_route=\/wp\/v2\/posts"}],"about":[{"href":"https:\/\/informativoelvalledeaguascalientes.online\/index.php?rest_route=\/wp\/v2\/types\/post"}],"author":[{"embeddable":true,"href":"https:\/\/informativoelvalledeaguascalientes.online\/index.php?rest_route=\/wp\/v2\/users\/1"}],"replies":[{"embeddable":true,"href":"https:\/\/informativoelvalledeaguascalientes.online\/index.php?rest_route=%2Fwp%2Fv2%2Fcomments&post=10121"}],"version-history":[{"count":1,"href":"https:\/\/informativoelvalledeaguascalientes.online\/index.php?rest_route=\/wp\/v2\/posts\/10121\/revisions"}],"predecessor-version":[{"id":10123,"href":"https:\/\/informativoelvalledeaguascalientes.online\/index.php?rest_route=\/wp\/v2\/posts\/10121\/revisions\/10123"}],"wp:featuredmedia":[{"embeddable":true,"href":"https:\/\/informativoelvalledeaguascalientes.online\/index.php?rest_route=\/wp\/v2\/media\/10122"}],"wp:attachment":[{"href":"https:\/\/informativoelvalledeaguascalientes.online\/index.php?rest_route=%2Fwp%2Fv2%2Fmedia&parent=10121"}],"wp:term":[{"taxonomy":"category","embeddable":true,"href":"https:\/\/informativoelvalledeaguascalientes.online\/index.php?rest_route=%2Fwp%2Fv2%2Fcategories&post=10121"},{"taxonomy":"post_tag","embeddable":true,"href":"https:\/\/informativoelvalledeaguascalientes.online\/index.php?rest_route=%2Fwp%2Fv2%2Ftags&post=10121"}],"curies":[{"name":"wp","href":"https:\/\/api.w.org\/{rel}","templated":true}]}}