{"id":10118,"date":"2020-08-12T15:51:10","date_gmt":"2020-08-12T21:51:10","guid":{"rendered":"https:\/\/informativoelvalledeaguascalientes.online\/?p=10118"},"modified":"2020-08-12T15:51:10","modified_gmt":"2020-08-12T21:51:10","slug":"uta-impulsa-vinculos-estrategicos-con-consorcio-de-universidades-alemanas","status":"publish","type":"post","link":"https:\/\/informativoelvalledeaguascalientes.online\/?p=10118","title":{"rendered":"UTA IMPULSA V\u00cdNCULOS ESTRAT\u00c9GICOS CON CONSORCIO DE UNIVERSIDADES ALEMANAS\u00a0"},"content":{"rendered":"<ul style=\"font-weight: 400;\">\n<li><strong><em>La colaboraci\u00f3n entre la UTA y las Universidades de las Ciencias Aplicadas de Alemania impulsa la formaci\u00f3n de un perfil global en el alumnado\u00a0<\/em><\/strong><\/li>\n<li><strong><em>Incluye una serie de conferencias internacionales y la apertura del di\u00e1logo entre autoridades estatales de ambas regiones\u00a0<\/em><\/strong><\/li>\n<\/ul>\n<p style=\"font-weight: 400;\">La Universidad Tecnol\u00f3gica de Aguascalientes (UTA), comprometida con la formaci\u00f3n de un perfil global en el alumnado para que puedan insertarse laboralmente en cualquier regi\u00f3n local, nacional y global, estableci\u00f3 lazos de colaboraci\u00f3n con la Conferencia de Rectores de las Universidades de las Ciencias Aplicadas, m\u00e1ximo representante de las instituciones educativas de ese sector en Alemania, as\u00ed lo inform\u00f3 Guillermo Hern\u00e1ndez Duque Delgadillo, titular de la instituci\u00f3n.<\/p>\n<p style=\"font-weight: 400;\">Mencion\u00f3 que se reuni\u00f3 v\u00eda remota con el presidente de la Conferencia de Rectores, Bastian Kaiser, para establecer l\u00edneas de trabajo colaborativo entre la UTA y varias de las instituciones que pertenecen al consorcio de universidades, con la finalidad de ofrecer a los alumnos una formaci\u00f3n integral que cuente con la pertinencia global que se necesita en el sector productivo en la actualidad.<\/p>\n<p style=\"font-weight: 400;\">El rector se\u00f1al\u00f3 que entre los esfuerzos entablados durante la reuni\u00f3n se encuentran el intercambio de profesores de ambas instituciones a trav\u00e9s de una serie de conferencias internacionales con los alumnados, as\u00ed como cursos a distancia. As\u00ed mismo, se colaborar\u00e1 de manera transversal al buscar abrir un di\u00e1logo entre las autoridades gubernamentales estatales de ambas regiones, Aguascalientes y Baden-Wutenberg, para impulsar el desarrollo econ\u00f3mico, social y acad\u00e9mico de ambos.<\/p>\n<p style=\"font-weight: 400;\">Finalmente, Hern\u00e1ndez Duque Delgadillo destac\u00f3 que la UT Aguascalientes ha priorizado el uso de las Tecnolog\u00edas de la Informaci\u00f3n y Comunicaci\u00f3n (TICs) para continuar con sus esfuerzos por vincular a su comunidad universitaria con entornos educativos y oportunidades profesionales globales, pues su objetivo es que los egresados puedan insertarse laboralmente no s\u00f3lo en lo local, sino en otras partes del mundo gracias a la pertinencia en su formaci\u00f3n, y as\u00ed, ayudar al desarrollo sustentable de nuestra regi\u00f3n.<\/p>\n","protected":false},"excerpt":{"rendered":"<p>La colaboraci\u00f3n entre la UTA y las Universidades de las Ciencias Aplicadas de Alemania impulsa la formaci\u00f3n de un perfil global en el alumnado\u00a0 Incluye una serie de conferencias internacionales y la apertura del di\u00e1logo entre autoridades estatales de ambas regiones\u00a0 La Universidad Tecnol\u00f3gica de Aguascalientes (UTA), comprometida con la formaci\u00f3n de un perfil global [&hellip;]<\/p>\n","protected":false},"author":1,"featured_media":10119,"comment_status":"closed","ping_status":"open","sticky":false,"template":"","format":"standard","meta":{"advanced_seo_description":"","jetpack_seo_html_title":"","jetpack_seo_noindex":false,"_jetpack_memberships_contains_paid_content":false,"footnotes":"","jetpack_publicize_message":"","jetpack_publicize_feature_enabled":true,"jetpack_social_post_already_shared":true,"jetpack_social_options":{"image_generator_settings":{"template":"highway","default_image_id":0,"font":"","enabled":false},"version":2}},"categories":[21,4],"tags":[22,28],"class_list":["post-10118","post","type-post","status-publish","format-standard","has-post-thumbnail","hentry","category-aguascalientes","category-gobierno-del-estado-aguascalientes","tag-aguascalientes","tag-uta"],"jetpack_publicize_connections":[],"jetpack_featured_media_url":"https:\/\/i0.wp.com\/informativoelvalledeaguascalientes.online\/wp-content\/uploads\/2020\/08\/ut_12082020.jpg?fit=1024%2C575&ssl=1","jetpack-related-posts":[],"jetpack_sharing_enabled":true,"jetpack_likes_enabled":true,"_links":{"self":[{"href":"https:\/\/informativoelvalledeaguascalientes.online\/index.php?rest_route=\/wp\/v2\/posts\/10118","targetHints":{"allow":["GET"]}}],"collection":[{"href":"https:\/\/informativoelvalledeaguascalientes.online\/index.php?rest_route=\/wp\/v2\/posts"}],"about":[{"href":"https:\/\/informativoelvalledeaguascalientes.online\/index.php?rest_route=\/wp\/v2\/types\/post"}],"author":[{"embeddable":true,"href":"https:\/\/informativoelvalledeaguascalientes.online\/index.php?rest_route=\/wp\/v2\/users\/1"}],"replies":[{"embeddable":true,"href":"https:\/\/informativoelvalledeaguascalientes.online\/index.php?rest_route=%2Fwp%2Fv2%2Fcomments&post=10118"}],"version-history":[{"count":1,"href":"https:\/\/informativoelvalledeaguascalientes.online\/index.php?rest_route=\/wp\/v2\/posts\/10118\/revisions"}],"predecessor-version":[{"id":10120,"href":"https:\/\/informativoelvalledeaguascalientes.online\/index.php?rest_route=\/wp\/v2\/posts\/10118\/revisions\/10120"}],"wp:featuredmedia":[{"embeddable":true,"href":"https:\/\/informativoelvalledeaguascalientes.online\/index.php?rest_route=\/wp\/v2\/media\/10119"}],"wp:attachment":[{"href":"https:\/\/informativoelvalledeaguascalientes.online\/index.php?rest_route=%2Fwp%2Fv2%2Fmedia&parent=10118"}],"wp:term":[{"taxonomy":"category","embeddable":true,"href":"https:\/\/informativoelvalledeaguascalientes.online\/index.php?rest_route=%2Fwp%2Fv2%2Fcategories&post=10118"},{"taxonomy":"post_tag","embeddable":true,"href":"https:\/\/informativoelvalledeaguascalientes.online\/index.php?rest_route=%2Fwp%2Fv2%2Ftags&post=10118"}],"curies":[{"name":"wp","href":"https:\/\/api.w.org\/{rel}","templated":true}]}}