{"id":10115,"date":"2020-08-12T14:02:58","date_gmt":"2020-08-12T20:02:58","guid":{"rendered":"https:\/\/informativoelvalledeaguascalientes.online\/?p=10115"},"modified":"2020-08-12T14:02:58","modified_gmt":"2020-08-12T20:02:58","slug":"ica-anuncia-mejoras-en-ensenanza-musical","status":"publish","type":"post","link":"https:\/\/informativoelvalledeaguascalientes.online\/?p=10115","title":{"rendered":"ICA ANUNCIA MEJORAS EN ENSE\u00d1ANZA MUSICAL"},"content":{"rendered":"<ul style=\"font-weight: 400;\">\n<li><strong><em>Se fusionan la Escuela de M\u00fasica de la Casa de la Cultura V\u00edctor Sandoval y el Centro de Estudios Musicales Manuel M. Ponce<\/em><\/strong><\/li>\n<li><strong><em>La capacidad instalada de atenci\u00f3n a alumnos ascender\u00e1 a m\u00e1s de mil estudiantes en las diferentes disciplinas de la m\u00fasica<\/em><\/strong><\/li>\n<\/ul>\n<p style=\"font-weight: 400;\">\n<p style=\"font-weight: 400;\">Para ampliar y mejorar la atenci\u00f3n, as\u00ed como dignificar los espacios para el aprendizaje musical, el Instituto Cultural de Aguascalientes (ICA) iniciar\u00e1 un proceso de expansi\u00f3n en el que convergen la Escuela de M\u00fasica de la Casa de la Cultura V\u00edctor Sandoval (CCVS) y el Centro de Estudios Musicales Manuel M. Ponce.<\/p>\n<p style=\"font-weight: 400;\">\n<p style=\"font-weight: 400;\">En este sentido, la Escuela de M\u00fasica de la CCVS traslada su atenci\u00f3n docente y administrativa al Centro de Estudios Musicales Manuel M. Ponce, a fin de ofrecer un recinto m\u00e1s digno, en los 48 espacios para la ense\u00f1anza de la m\u00fasica con los que cuenta el centro. De este modo, con la matr\u00edcula conjugada de ambas escuelas, los estudios musicales que ofrece el ICA en nivel inicial ascender\u00e1n a una capacidad para poco m\u00e1s de mil alumnos.<\/p>\n<p style=\"font-weight: 400;\">\n<p style=\"font-weight: 400;\">Estas adecuaciones responden a las necesidades de ambos centros de ense\u00f1anza, que adem\u00e1s en este proceso se consolidan como un puente vocacional que conecte a la instrucci\u00f3n inicial con las carreras de T\u00e9cnico Superior Universitario que ofrece la Universidad de las Artes.<\/p>\n<p style=\"font-weight: 400;\">\n<p style=\"font-weight: 400;\">Cabe destacar que el inmueble del Centro de Estudios Musicales Manuel M. Ponce, ubicado en el n\u00famero 106 de la calle hom\u00f3nima, en el hist\u00f3rico Barrio de San Marcos, reci\u00e9n tuvo trabajos de rehabilitaci\u00f3n, mismos que continuar\u00e1n para albergar al alumnado, personal docente y administrativo, en esta nueva etapa.<\/p>\n<p style=\"font-weight: 400;\">\n<p style=\"font-weight: 400;\">En este proceso de renovaci\u00f3n, la coordinaci\u00f3n acad\u00e9mica de los estudios musicales a nivel inicial estar\u00e1 a cargo de un nuevo perfil, el cual cuenta con reconocida trayectoria cultural y amplia experiencia en la m\u00fasica; ser\u00e1 presentado a la comunidad pr\u00f3ximamente, esto luego de la jubilaci\u00f3n del maestro Estanislao D\u00edaz Soria, fundador del Centro de Estudios Musicales y formador de numerosas generaciones de m\u00fasicos, quien llev\u00f3 una exitosa administraci\u00f3n en este centro durante 15 a\u00f1os.<\/p>\n<p style=\"font-weight: 400;\">\n<p style=\"font-weight: 400;\">De este modo, las comunidades de docentes y alumnos tienen acceso a mejores instalaciones, con adecuaciones para la pr\u00e1ctica de la m\u00fasica, en espacios que eviten el hacinamiento y una mejor aplicaci\u00f3n de los protocolos sanitarios para el regreso a las actividades presenciales de la ense\u00f1anza musical. As\u00ed, la CCVS continuar\u00e1 desarrollando programas como un foro permanente de exhibici\u00f3n de diversas expresiones art\u00edsticas y como v\u00e9rtice de la vida cultural del estado.<\/p>\n","protected":false},"excerpt":{"rendered":"<p>Se fusionan la Escuela de M\u00fasica de la Casa de la Cultura V\u00edctor Sandoval y el Centro de Estudios Musicales Manuel M. Ponce La capacidad instalada de atenci\u00f3n a alumnos ascender\u00e1 a m\u00e1s de mil estudiantes en las diferentes disciplinas de la m\u00fasica Para ampliar y mejorar la atenci\u00f3n, as\u00ed como dignificar los espacios para [&hellip;]<\/p>\n","protected":false},"author":1,"featured_media":10116,"comment_status":"closed","ping_status":"open","sticky":false,"template":"","format":"standard","meta":{"advanced_seo_description":"","jetpack_seo_html_title":"","jetpack_seo_noindex":false,"_jetpack_memberships_contains_paid_content":false,"footnotes":"","jetpack_publicize_message":"","jetpack_publicize_feature_enabled":true,"jetpack_social_post_already_shared":true,"jetpack_social_options":{"image_generator_settings":{"template":"highway","default_image_id":0,"font":"","enabled":false},"version":2}},"categories":[21,4],"tags":[22,52],"class_list":["post-10115","post","type-post","status-publish","format-standard","has-post-thumbnail","hentry","category-aguascalientes","category-gobierno-del-estado-aguascalientes","tag-aguascalientes","tag-ica"],"jetpack_publicize_connections":[],"jetpack_featured_media_url":"https:\/\/i0.wp.com\/informativoelvalledeaguascalientes.online\/wp-content\/uploads\/2020\/08\/ica_12082020.jpg?fit=796%2C576&ssl=1","jetpack-related-posts":[],"jetpack_sharing_enabled":true,"jetpack_likes_enabled":true,"_links":{"self":[{"href":"https:\/\/informativoelvalledeaguascalientes.online\/index.php?rest_route=\/wp\/v2\/posts\/10115","targetHints":{"allow":["GET"]}}],"collection":[{"href":"https:\/\/informativoelvalledeaguascalientes.online\/index.php?rest_route=\/wp\/v2\/posts"}],"about":[{"href":"https:\/\/informativoelvalledeaguascalientes.online\/index.php?rest_route=\/wp\/v2\/types\/post"}],"author":[{"embeddable":true,"href":"https:\/\/informativoelvalledeaguascalientes.online\/index.php?rest_route=\/wp\/v2\/users\/1"}],"replies":[{"embeddable":true,"href":"https:\/\/informativoelvalledeaguascalientes.online\/index.php?rest_route=%2Fwp%2Fv2%2Fcomments&post=10115"}],"version-history":[{"count":1,"href":"https:\/\/informativoelvalledeaguascalientes.online\/index.php?rest_route=\/wp\/v2\/posts\/10115\/revisions"}],"predecessor-version":[{"id":10117,"href":"https:\/\/informativoelvalledeaguascalientes.online\/index.php?rest_route=\/wp\/v2\/posts\/10115\/revisions\/10117"}],"wp:featuredmedia":[{"embeddable":true,"href":"https:\/\/informativoelvalledeaguascalientes.online\/index.php?rest_route=\/wp\/v2\/media\/10116"}],"wp:attachment":[{"href":"https:\/\/informativoelvalledeaguascalientes.online\/index.php?rest_route=%2Fwp%2Fv2%2Fmedia&parent=10115"}],"wp:term":[{"taxonomy":"category","embeddable":true,"href":"https:\/\/informativoelvalledeaguascalientes.online\/index.php?rest_route=%2Fwp%2Fv2%2Fcategories&post=10115"},{"taxonomy":"post_tag","embeddable":true,"href":"https:\/\/informativoelvalledeaguascalientes.online\/index.php?rest_route=%2Fwp%2Fv2%2Ftags&post=10115"}],"curies":[{"name":"wp","href":"https:\/\/api.w.org\/{rel}","templated":true}]}}