{"id":10109,"date":"2020-08-12T13:49:34","date_gmt":"2020-08-12T19:49:34","guid":{"rendered":"https:\/\/informativoelvalledeaguascalientes.online\/?p=10109"},"modified":"2020-08-12T13:49:34","modified_gmt":"2020-08-12T19:49:34","slug":"las-y-los-jovenes-con-su-entrega-energia-y-pasion-son-lo-que-hoy-requiere-nuestro-pais-mos","status":"publish","type":"post","link":"https:\/\/informativoelvalledeaguascalientes.online\/?p=10109","title":{"rendered":"LAS Y LOS J\u00d3VENES, CON SU ENTREGA,\u00a0 ENERG\u00cdA Y\u00a0 PASI\u00d3N, SON LO QUE HOY REQUIERE NUESTRO PA\u00cdS: MOS"},"content":{"rendered":"<ul>\n<li dir=\"ltr\">\n<p dir=\"ltr\">Recibi\u00f3 Mart\u00edn Orozco en su despecho a la alpinista ganadora del R\u00e9cord Guinness, Viridiana \u00c1lvarez<\/p>\n<\/li>\n<li dir=\"ltr\">\n<p dir=\"ltr\">Invita MOS a la pr\u00e1ctica del deporte como una actividad fundamental para un desarrollo \u00edntegro<\/p>\n<\/li>\n<\/ul>\n<p dir=\"ltr\">Impulsar el desarrollo de las y los j\u00f3venes, promoviendo en ellos valores y actitudes que los motiven a perseguir sus sue\u00f1os, es tambi\u00e9n una de las tareas que deben asumir los gobiernos, conscientes de que en la juventud se re\u00fanen todas las virtudes necesarias que nuestro M\u00e9xico requiere hoy.<\/p>\n<p dir=\"ltr\">Por este motivo, el gobernador Mart\u00edn Orozco Sandoval, en un di\u00e1logo cercano con la alpinista Viridiana \u00c1lvarez, consider\u00f3 que las tres prioridades de un j\u00f3ven son: servir a su comunidad con la energ\u00eda y la entrega que caracteriza esta etapa, prepararse para el futuro buscando hacerse de las mejores herramientas, y divertirse pues es parte integral del desarrollo de una sana personalidad.<\/p>\n<p dir=\"ltr\">Orozco Sandoval, adem\u00e1s hizo hincapi\u00e9 en que la pr\u00e1ctica del deporte es una actividad fundamental, caracter\u00edstica de quienes aspiran al \u00e9xito; sus beneficios radican en cultivar la disciplina y los buenos h\u00e1bitos, el desarrollo de un cuerpo y una mente saludables, y las posibilidades de acceder a experiencias \u00fanicas de vida, que abren puertas y ampl\u00edan los horizontes.<\/p>\n<p dir=\"ltr\">Por su parte, la aguascalentense ganadora del R\u00e9cord Guinness de ascenso m\u00e1s r\u00e1pido a las tres monta\u00f1as m\u00e1s altas del mundo, Viridiana \u00c1lvarez, invit\u00f3 a las y los j\u00f3venes a actuar con determinaci\u00f3n, esfuerzo y pasi\u00f3n por todo aquello que sue\u00f1an, llev\u00e1ndolo siempre a lo m\u00e1s alto.<\/p>\n<p dir=\"ltr\">Adem\u00e1s, agradeci\u00f3 el apoyo que ha recibido por parte del gobierno estatal, y refiri\u00f3 sentirse orgullosa de poner en la cima del mundo el nombre de Aguascalientes, recordando con cari\u00f1o sus ra\u00edces, pues se\u00f1al\u00f3 que fue el Cerro del Muerto uno de sus primeros entrenadores.<\/p>\n","protected":false},"excerpt":{"rendered":"<p>Recibi\u00f3 Mart\u00edn Orozco en su despecho a la alpinista ganadora del R\u00e9cord Guinness, Viridiana \u00c1lvarez Invita MOS a la pr\u00e1ctica del deporte como una actividad fundamental para un desarrollo \u00edntegro Impulsar el desarrollo de las y los j\u00f3venes, promoviendo en ellos valores y actitudes que los motiven a perseguir sus sue\u00f1os, es tambi\u00e9n una de [&hellip;]<\/p>\n","protected":false},"author":1,"featured_media":10110,"comment_status":"closed","ping_status":"open","sticky":false,"template":"","format":"standard","meta":{"advanced_seo_description":"","jetpack_seo_html_title":"","jetpack_seo_noindex":false,"_jetpack_memberships_contains_paid_content":false,"footnotes":"","jetpack_publicize_message":"","jetpack_publicize_feature_enabled":true,"jetpack_social_post_already_shared":true,"jetpack_social_options":{"image_generator_settings":{"template":"highway","default_image_id":0,"font":"","enabled":false},"version":2}},"categories":[21,4],"tags":[22,31],"class_list":["post-10109","post","type-post","status-publish","format-standard","has-post-thumbnail","hentry","category-aguascalientes","category-gobierno-del-estado-aguascalientes","tag-aguascalientes","tag-mos"],"jetpack_publicize_connections":[],"jetpack_featured_media_url":"https:\/\/i0.wp.com\/informativoelvalledeaguascalientes.online\/wp-content\/uploads\/2020\/08\/mos_alpinista_12082020.jpg?fit=1280%2C853&ssl=1","jetpack-related-posts":[],"jetpack_sharing_enabled":true,"jetpack_likes_enabled":true,"_links":{"self":[{"href":"https:\/\/informativoelvalledeaguascalientes.online\/index.php?rest_route=\/wp\/v2\/posts\/10109","targetHints":{"allow":["GET"]}}],"collection":[{"href":"https:\/\/informativoelvalledeaguascalientes.online\/index.php?rest_route=\/wp\/v2\/posts"}],"about":[{"href":"https:\/\/informativoelvalledeaguascalientes.online\/index.php?rest_route=\/wp\/v2\/types\/post"}],"author":[{"embeddable":true,"href":"https:\/\/informativoelvalledeaguascalientes.online\/index.php?rest_route=\/wp\/v2\/users\/1"}],"replies":[{"embeddable":true,"href":"https:\/\/informativoelvalledeaguascalientes.online\/index.php?rest_route=%2Fwp%2Fv2%2Fcomments&post=10109"}],"version-history":[{"count":1,"href":"https:\/\/informativoelvalledeaguascalientes.online\/index.php?rest_route=\/wp\/v2\/posts\/10109\/revisions"}],"predecessor-version":[{"id":10111,"href":"https:\/\/informativoelvalledeaguascalientes.online\/index.php?rest_route=\/wp\/v2\/posts\/10109\/revisions\/10111"}],"wp:featuredmedia":[{"embeddable":true,"href":"https:\/\/informativoelvalledeaguascalientes.online\/index.php?rest_route=\/wp\/v2\/media\/10110"}],"wp:attachment":[{"href":"https:\/\/informativoelvalledeaguascalientes.online\/index.php?rest_route=%2Fwp%2Fv2%2Fmedia&parent=10109"}],"wp:term":[{"taxonomy":"category","embeddable":true,"href":"https:\/\/informativoelvalledeaguascalientes.online\/index.php?rest_route=%2Fwp%2Fv2%2Fcategories&post=10109"},{"taxonomy":"post_tag","embeddable":true,"href":"https:\/\/informativoelvalledeaguascalientes.online\/index.php?rest_route=%2Fwp%2Fv2%2Ftags&post=10109"}],"curies":[{"name":"wp","href":"https:\/\/api.w.org\/{rel}","templated":true}]}}