{"id":10106,"date":"2020-08-12T13:46:17","date_gmt":"2020-08-12T19:46:17","guid":{"rendered":"https:\/\/informativoelvalledeaguascalientes.online\/?p=10106"},"modified":"2020-08-12T13:46:17","modified_gmt":"2020-08-12T19:46:17","slug":"la-permanente-solicitara-al-iea-y-a-la-cmov-informacion-de-protocolos-sanitarios-de-regreso-a-clases-de-alumnos-de-preparatoria","status":"publish","type":"post","link":"https:\/\/informativoelvalledeaguascalientes.online\/?p=10106","title":{"rendered":"LA PERMANENTE SOLICITAR\u00c1 AL IEA Y A LA CMOV, INFORMACI\u00d3N DE PROTOCOLOS SANITARIOS DE REGRESO A CLASES DE ALUMNOS DE PREPARATORIA"},"content":{"rendered":"<ul>\n<li><em>La petici\u00f3n que emiti\u00f3 la legisladora Elsa Land\u00edn Olivares, fue avalada por los integrantes de la mesa directiva.<\/em><\/li>\n<li><em>El legislador Heder Guzm\u00e1n expres\u00f3 un posicionamiento sobre los contenidos y programaci\u00f3n que transmite el Canal 26 del Estado.<\/em><\/li>\n<li><em>Por su parte, los diputados Cuauht\u00e9moc Cardona y M\u00f3nica Becerra Moreno, presentaron una iniciativa de reforma al COTEDUVI y un posicionamiento sobre los \u00edndices de suicidio, respectivamente.<\/em><\/li>\n<\/ul>\n<p>Integrantes de la Diputaci\u00f3n Permanente, que preside el legislador Heder Guzm\u00e1n Espejel, aprobaron por unanimidad el pronunciamiento que present\u00f3 la diputada Elsa Amabel Land\u00edn, a trav\u00e9s del cual extienden una invitaci\u00f3n a los titulares de la Coordinaci\u00f3n General de Movilidad (CMOV) y del Instituto de Educaci\u00f3n de Auascalientes (IEA), Griselada Gonz\u00e1lez Morales y Ra\u00fal Silva Perezchica, respectivamente, con el objeto de que ambos funcionarios expliquen al detalle, los protocolos sanitarios que se implementar\u00e1n una vez que d\u00e9 inicio el retorno escalonado de clases de estudiantes del nivel media superior.<\/p>\n<p>Previo a la votaci\u00f3n de la petici\u00f3n, la legisladora del PRI, Elsa Amabel Land\u00edn OIivares, reconoci\u00f3 el correcto actuar del IEA ante esta pandemia, empero, consider\u00f3 que no es posible un retorno escalonado de estudiantes, si primero no est\u00e1 garantizado que el sistema de\u00a0 transporte p\u00fablico y los planteles educativos cumplan con las medidas que dicta la autoridad de salud, por lo que resulta necesario que se d\u00e9 a conocer el plan que se tiene previsto para que exista un retorno seguro para las y los estudiantes.<\/p>\n<p>De igual manera, la diputada del PAN, Gladys Ram\u00edrez Aguilar, se sum\u00f3 a la propuesta de su hom\u00f3loga, al se\u00f1alar que es muy importante conocer la forma en que se llevar\u00e1 a cabo este regreso a clases. Adem\u00e1s, manifest\u00f3 su preocupaci\u00f3n porque no cesan los reportes de que usuarios y operadores de unidades de transporte urbano se niegan a portar el cubre bocas, situaci\u00f3n que pone en riesgo la salud de los pasajeros.<\/p>\n<p>Al respecto, el congresista de Morena, Heder Pedro Guzm\u00e1n Espejel, celebr\u00f3 la propuesta, al tiempo que solicit\u00f3 a la Secretar\u00eda General realizar los tr\u00e1mites administrativos correspondientes y se formalice el llamado a ambos funcionarios estatales.<\/p>\n<p>En otro tema, el legislador de Morena, Heder Pedro Guzm\u00e1n Espejel, hizo uso de la voz para emitir una cr\u00edtica al trabajo del Canal Oficial de Gobierno del estado, denominado \u201cCanal 26\u201d, el cual a su criterio, \u201cemprende un ataque sistem\u00e1tico contra quienes considera enemigos pol\u00edticos de Gobierno del Estado, \u00a0en lugar de procurar ser competitivo a trav\u00e9s de una programaci\u00f3n de calidad y ofreciendo a los espectadores conocimiento e informaci\u00f3n objetiva, sin sesgos pol\u00edticos, es decir, un \u00a0espacio que eduque, informe, entretenga y promueva los valores del pueblo aguascalentense\u201d.<\/p>\n<p>Guzm\u00e1n Espejel sostuvo adem\u00e1s que, \u201cno solo ataca las acciones del gobierno federal y del estado, sino tambi\u00e9n opta por criticar las decisiones que toma el Congreso del Estado de Aguascalientes\u201d, al aseverar que toda esta estrategia \u201cproviene de personajes perversos que utilizan a su antojo este medio de comunicaci\u00f3n oficial para exhibir sus frustraciones\u201d.<\/p>\n<p>En este sentido, el diputado de Morena pidi\u00f3 a los directivos de este canal aclaren por qu\u00e9 se dio este cambio dr\u00e1stico en sus espacios noticiosos y editoriales, en los que se dedican a emitir comentarios de \u201ccalumnia y chantaje\u201d, ante ello, exigi\u00f3 que este medio debe informar sobre el ingreso que recibe de supuestos patrocinios, de sus\u00a0 excesivos gastos, de la contrataci\u00f3n de personal, de los constantes viajes, de los gastos para la compra de premios internacionales que nunca obtienen.<\/p>\n<p>Heder Guzm\u00e1n Espejel, inform\u00f3 que dar\u00e1 a conocer a la Secretar\u00eda de Gobernaci\u00f3n\u00a0 estas presuntas anomal\u00edas y pedir\u00e1 mayor vigilancia en sus contenidos televisivos y de radio.<\/p>\n<p>Por otro lado, el legislador de MORENA hizo menci\u00f3n sobre las declaraciones que verti\u00f3 el ex director de PEMEX, Emilio Lozoya, en contra Enrique Pe\u00f1a Nieto y Luis Videgaray, en las que acus\u00f3 de la construcci\u00f3n de una red de corrupci\u00f3n que sirvi\u00f3 para que el ex presidente de M\u00e9xico ganara las elecciones del a\u00f1o 2012 y ya instalado en el poder, le permiti\u00f3 operar la compra de votos a favor de las reformas estructurales.<\/p>\n<p>Sobre este comentario, la legisladora del PRI, Elsa Amabel Land\u00edn Olivares, le pidi\u00f3 a su antecesor en el uso de la palabra, a que termine con los \u201cshows medi\u00e1ticos\u201d y le solicit\u00f3 enfocarse en las acciones concretas, pues \u201cde nada sirve ver c\u00f3mo se les pega al presidente o a los anteriores, si no se atienden los problemas actuales, como la muerte de 53 mil mexicanos por el Covid-19, los 10 millones de mexicanas y mexicanos que no tienen empleo, y las faltas de becas para miles de estudiantes, entre otros \u00a0muchas otras problem\u00e1ticas.<\/p>\n<p>En relaci\u00f3n a lo que se\u00f1al\u00f3 el diputado en torno al Canal Oficial de Gobierno del Estado, Land\u00edn Olivares dijo que la libertad de expresi\u00f3n le ha costado a los mexicanos d\u00e9cadas construirla, por lo que todas las personas tienen derecho de expresar su opini\u00f3n, porque \u201cestemos o no de acuerdo con las acciones de un presidente o gobierno, no convierte a sus detractores en servidores p\u00fablicos o comunicadores corruptos\u201d.<\/p>\n<p>Por otro lado, el diputado de Morena, Cuauht\u00e9moc Cardona Campos, present\u00f3 una iniciativa para reformar el C\u00f3digo de Ordenamiento Territorial, Desarrollo Urbano y Vivienda del Estado de Aguascalientes, para incluir la figura de Acci\u00f3n P\u00fablica, la cual permitir\u00e1 que la Sala Administrativa del Supremo Tribunal de Justicia del Estado atienda aquellos casos cuando los vecinos de cualquier fraccionamiento no est\u00e9n de acuerdo por la construcci\u00f3n de diversas obras, como la instalaci\u00f3n de anexos para atenci\u00f3n de adicciones, de talleres mec\u00e1nicos, por cambios de uso de suelo, entre otros negocios.<\/p>\n<p>Cardona campos, asever\u00f3 que a trav\u00e9s de esta nueva figura de Acci\u00f3n P\u00fablica, se terminar\u00eda con la actitud discrecional en las \u00e1rea de desarrollo urbano, ya que debido a lagunas que existen en dicha normatividad, \u201ccientos de art\u00edculos hoy son letra muerta\u201d.<\/p>\n<p>En seguida, la diputada del PAN, M\u00f3nica Becerra Moreno, manifest\u00f3 su preocupaci\u00f3n por el incremento que ha tenido el suicidio no solo a nivel mundial, sino niveles estatales, pues asegur\u00f3 que las principales causas por lo que las y los j\u00f3venes deciden terminar con su vida son el acoso escolar, la depresi\u00f3n, la desarticulaci\u00f3n familiar, deserci\u00f3n escolar, drogadicci\u00f3n, entre otros. Por lo que se pronunci\u00f3 a favor de fortalecer las pol\u00edticas p\u00fablicas en materia de salud mental.<\/p>\n<p>La legisladora del PAN, hizo referencia espec\u00edfica al acoso escolar, en el que en los \u00faltimos a\u00f1os M\u00e9xico registra un n\u00famero sin precedentes de casos de j\u00f3venes que han atentado contra sus compa\u00f1eros y maestros de manera violenta, y que de acuerdo a especialistas, en los agresores se detectaron rastros de trastornos mentales.<\/p>\n<p>Tras esta participaci\u00f3n y una vez desahogados los asuntos generales, el presidente de la Diputaci\u00f3n Permanente, diputado Heder Pedro Guzm\u00e1n Espejel, dio por concluida la sesi\u00f3n ordinaria, al tiempo que convoc\u00f3 a sus compa\u00f1eros de la mesa directiva a la siguiente reuni\u00f3n, la cual, su hora y fecha estar\u00e1 sujeta a previa notificaci\u00f3n.<\/p>\n<p>&nbsp;<\/p>\n","protected":false},"excerpt":{"rendered":"<p>La petici\u00f3n que emiti\u00f3 la legisladora Elsa Land\u00edn Olivares, fue avalada por los integrantes de la mesa directiva. El legislador Heder Guzm\u00e1n expres\u00f3 un posicionamiento sobre los contenidos y programaci\u00f3n que transmite el Canal 26 del Estado. Por su parte, los diputados Cuauht\u00e9moc Cardona y M\u00f3nica Becerra Moreno, presentaron una iniciativa de reforma al COTEDUVI [&hellip;]<\/p>\n","protected":false},"author":1,"featured_media":10107,"comment_status":"closed","ping_status":"open","sticky":false,"template":"","format":"standard","meta":{"advanced_seo_description":"","jetpack_seo_html_title":"","jetpack_seo_noindex":false,"_jetpack_memberships_contains_paid_content":false,"footnotes":"","jetpack_publicize_message":"","jetpack_publicize_feature_enabled":true,"jetpack_social_post_already_shared":true,"jetpack_social_options":{"image_generator_settings":{"template":"highway","default_image_id":0,"font":"","enabled":false},"version":2}},"categories":[21,5],"tags":[22,44],"class_list":["post-10106","post","type-post","status-publish","format-standard","has-post-thumbnail","hentry","category-aguascalientes","category-h-congreso-del-estado-aguascalientes","tag-aguascalientes","tag-lxiv-legislatura-aguascalientes"],"jetpack_publicize_connections":[],"jetpack_featured_media_url":"https:\/\/i0.wp.com\/informativoelvalledeaguascalientes.online\/wp-content\/uploads\/2020\/08\/hce_12082020.jpg?fit=1279%2C390&ssl=1","jetpack-related-posts":[],"jetpack_sharing_enabled":true,"jetpack_likes_enabled":true,"_links":{"self":[{"href":"https:\/\/informativoelvalledeaguascalientes.online\/index.php?rest_route=\/wp\/v2\/posts\/10106","targetHints":{"allow":["GET"]}}],"collection":[{"href":"https:\/\/informativoelvalledeaguascalientes.online\/index.php?rest_route=\/wp\/v2\/posts"}],"about":[{"href":"https:\/\/informativoelvalledeaguascalientes.online\/index.php?rest_route=\/wp\/v2\/types\/post"}],"author":[{"embeddable":true,"href":"https:\/\/informativoelvalledeaguascalientes.online\/index.php?rest_route=\/wp\/v2\/users\/1"}],"replies":[{"embeddable":true,"href":"https:\/\/informativoelvalledeaguascalientes.online\/index.php?rest_route=%2Fwp%2Fv2%2Fcomments&post=10106"}],"version-history":[{"count":1,"href":"https:\/\/informativoelvalledeaguascalientes.online\/index.php?rest_route=\/wp\/v2\/posts\/10106\/revisions"}],"predecessor-version":[{"id":10108,"href":"https:\/\/informativoelvalledeaguascalientes.online\/index.php?rest_route=\/wp\/v2\/posts\/10106\/revisions\/10108"}],"wp:featuredmedia":[{"embeddable":true,"href":"https:\/\/informativoelvalledeaguascalientes.online\/index.php?rest_route=\/wp\/v2\/media\/10107"}],"wp:attachment":[{"href":"https:\/\/informativoelvalledeaguascalientes.online\/index.php?rest_route=%2Fwp%2Fv2%2Fmedia&parent=10106"}],"wp:term":[{"taxonomy":"category","embeddable":true,"href":"https:\/\/informativoelvalledeaguascalientes.online\/index.php?rest_route=%2Fwp%2Fv2%2Fcategories&post=10106"},{"taxonomy":"post_tag","embeddable":true,"href":"https:\/\/informativoelvalledeaguascalientes.online\/index.php?rest_route=%2Fwp%2Fv2%2Ftags&post=10106"}],"curies":[{"name":"wp","href":"https:\/\/api.w.org\/{rel}","templated":true}]}}