{"id":10061,"date":"2020-08-11T13:31:01","date_gmt":"2020-08-11T19:31:01","guid":{"rendered":"https:\/\/informativoelvalledeaguascalientes.online\/?p=10061"},"modified":"2020-08-11T13:31:01","modified_gmt":"2020-08-11T19:31:01","slug":"la-escuela-fungira-como-pieza-clave-hacia-la-nueva-normalidad-iea","status":"publish","type":"post","link":"https:\/\/informativoelvalledeaguascalientes.online\/?p=10061","title":{"rendered":"LA ESCUELA FUNGIR\u00c1 COMO PIEZA CLAVE HACIA LA NUEVA NORMALIDAD: IEA\u00a0"},"content":{"rendered":"<ul>\n<li dir=\"ltr\">\n<p dir=\"ltr\"><b>El regreso presencial en nivel b\u00e1sico ser\u00e1 una vez que el sem\u00e1foro est\u00e9 en verde<\/b><\/p>\n<\/li>\n<li dir=\"ltr\">\n<p dir=\"ltr\"><b>Se trabaja en estrategias que logren una mayor accesibilidad de dispositivos electr\u00f3nicos e internet\u00a0<\/b><\/p>\n<\/li>\n<li dir=\"ltr\">\n<p dir=\"ltr\"><b>Importante que j\u00f3venes en riesgo de abandono acudan a cursos de remediaci\u00f3n a las aulas, as\u00ed como carreras profesionales en las que la pr\u00e1ctica es imperante; la asistencia ser\u00e1 voluntaria\u00a0<\/b><\/p>\n<\/li>\n<\/ul>\n<p>&nbsp;<\/p>\n<p dir=\"ltr\">Caminar hacia una nueva normalidad es tarea conjunta, y la escuela ser\u00e1 una importante formadora de h\u00e1bitos que favorezcan el desarrollo de vidas m\u00e1s sanas;\u00a0 la adecuada alimentaci\u00f3n, la cultura f\u00edsica y las buenas pr\u00e1cticas de higiene nos protegen de enfermedades.<\/p>\n<p>&nbsp;<\/p>\n<p dir=\"ltr\">As\u00ed lo refiri\u00f3 el titular del Instituto de Educaci\u00f3n de la entidad, Ra\u00fal Silva Perezchica, al se\u00f1alar que en Aguascalientes adem\u00e1s se trabaja en estrategias que velan por un regreso a las aulas seguro y necesario, reiterando que \u00e9ste ser\u00e1 paulatino y voluntario.<\/p>\n<p>&nbsp;<\/p>\n<p dir=\"ltr\">Ra\u00fal Silva Perezchica apunt\u00f3 que, por indicaci\u00f3n del gobernador, se est\u00e1n considerando todas las afectaciones que el receso presencial en las actividades escolares tendr\u00e1 en ni\u00f1as, ni\u00f1os y j\u00f3venes, tales como el rezago acad\u00e9mico y los efectos psicol\u00f3gicos, sociales y emocionales.<\/p>\n<p>&nbsp;<\/p>\n<p dir=\"ltr\">El funcionario estatal reiter\u00f3 que hasta no estar en sem\u00e1foro verde, la educaci\u00f3n b\u00e1sica continuar\u00e1 llev\u00e1ndose a cabo de manera remota, considerando que en la entidad se tiene el 96% de hogares con televisi\u00f3n, aunado a los que cuentan con internet.<\/p>\n<p>&nbsp;<\/p>\n<p dir=\"ltr\">En este sentido, Perezchica mencion\u00f3 que se est\u00e1n planteando estrategias que posibiliten mayor accesibilidad de dispositivos electr\u00f3nicos e internet a m\u00e1s hogares y personas; adem\u00e1s de que el material impreso y los libros de texto ser\u00e1n entregados a padres y madres de familia con total seguridad, de forma ordenada y mediante protocolos.<\/p>\n<p>&nbsp;<\/p>\n<p dir=\"ltr\">En lo referente a la educaci\u00f3n media, el titular del IEA hizo hincapi\u00e9 en que el modelo h\u00edbrido o mixto posibilitar\u00e1 que aquellos alumnos que se encuentren en situaci\u00f3n de riesgo de abandono escolar, acudan a clases en grupos reducidos y muy bien controlados, adem\u00e1s de que lleven a cabo procesos de reincorporaci\u00f3n, nivelaci\u00f3n y socializaci\u00f3n, lo cual en su etapa de desarrollo es fundamental.<\/p>\n<p>&nbsp;<\/p>\n<p dir=\"ltr\">El titular del IEA mencion\u00f3 que el hecho de que las y los j\u00f3venes acudan a espacios de ense\u00f1anza firmemente apegados a los protocolos sanitarios, puede ser incluso m\u00e1s seguro para su salud, pues muchos de ellos al no asistir a la escuela no necesariamente se est\u00e1n quedando en casa.<\/p>\n<p>&nbsp;<\/p>\n<p dir=\"ltr\">Asimismo, la educaci\u00f3n superior deber\u00e1 considerar como prioridad, que aquellas carreras que requieran las actividades pr\u00e1cticas, puedan regresar a talleres y laboratorios, siempre en grupos peque\u00f1os con absoluto control de riesgos y en apego a las medidas sanitarias; lo mismo para aquellos participantes del modelo dual, quienes podr\u00e1n retomar las actividades presenciales tanto en la empresa como en las universidades con la finalidad de no ver minado su desarrollo profesional.<\/p>\n<p>&nbsp;<\/p>\n<p dir=\"ltr\">Finalmente, Silva Perezchica record\u00f3 que la determinaci\u00f3n de acudir de forma presencial a clases ser\u00e1 voluntaria, as\u00ed como el compromiso con la educaci\u00f3n a distancia debe ser una responsabilidad a la que ahora debemos abrazarnos todos, pues as\u00ed lo requieran las circunstancias.<\/p>\n","protected":false},"excerpt":{"rendered":"<p>El regreso presencial en nivel b\u00e1sico ser\u00e1 una vez que el sem\u00e1foro est\u00e9 en verde Se trabaja en estrategias que logren una mayor accesibilidad de dispositivos electr\u00f3nicos e internet\u00a0 Importante que j\u00f3venes en riesgo de abandono acudan a cursos de remediaci\u00f3n a las aulas, as\u00ed como carreras profesionales en las que la pr\u00e1ctica es imperante; [&hellip;]<\/p>\n","protected":false},"author":1,"featured_media":10062,"comment_status":"closed","ping_status":"open","sticky":false,"template":"","format":"standard","meta":{"advanced_seo_description":"","jetpack_seo_html_title":"","jetpack_seo_noindex":false,"_jetpack_memberships_contains_paid_content":false,"footnotes":"","jetpack_publicize_message":"","jetpack_publicize_feature_enabled":true,"jetpack_social_post_already_shared":true,"jetpack_social_options":{"image_generator_settings":{"template":"highway","default_image_id":0,"font":"","enabled":false},"version":2}},"categories":[21,4],"tags":[22,39],"class_list":["post-10061","post","type-post","status-publish","format-standard","has-post-thumbnail","hentry","category-aguascalientes","category-gobierno-del-estado-aguascalientes","tag-aguascalientes","tag-iea"],"jetpack_publicize_connections":[],"jetpack_featured_media_url":"https:\/\/i0.wp.com\/informativoelvalledeaguascalientes.online\/wp-content\/uploads\/2020\/08\/iea_11082020.jpg?fit=1001%2C1191&ssl=1","jetpack-related-posts":[],"jetpack_sharing_enabled":true,"jetpack_likes_enabled":true,"_links":{"self":[{"href":"https:\/\/informativoelvalledeaguascalientes.online\/index.php?rest_route=\/wp\/v2\/posts\/10061","targetHints":{"allow":["GET"]}}],"collection":[{"href":"https:\/\/informativoelvalledeaguascalientes.online\/index.php?rest_route=\/wp\/v2\/posts"}],"about":[{"href":"https:\/\/informativoelvalledeaguascalientes.online\/index.php?rest_route=\/wp\/v2\/types\/post"}],"author":[{"embeddable":true,"href":"https:\/\/informativoelvalledeaguascalientes.online\/index.php?rest_route=\/wp\/v2\/users\/1"}],"replies":[{"embeddable":true,"href":"https:\/\/informativoelvalledeaguascalientes.online\/index.php?rest_route=%2Fwp%2Fv2%2Fcomments&post=10061"}],"version-history":[{"count":1,"href":"https:\/\/informativoelvalledeaguascalientes.online\/index.php?rest_route=\/wp\/v2\/posts\/10061\/revisions"}],"predecessor-version":[{"id":10063,"href":"https:\/\/informativoelvalledeaguascalientes.online\/index.php?rest_route=\/wp\/v2\/posts\/10061\/revisions\/10063"}],"wp:featuredmedia":[{"embeddable":true,"href":"https:\/\/informativoelvalledeaguascalientes.online\/index.php?rest_route=\/wp\/v2\/media\/10062"}],"wp:attachment":[{"href":"https:\/\/informativoelvalledeaguascalientes.online\/index.php?rest_route=%2Fwp%2Fv2%2Fmedia&parent=10061"}],"wp:term":[{"taxonomy":"category","embeddable":true,"href":"https:\/\/informativoelvalledeaguascalientes.online\/index.php?rest_route=%2Fwp%2Fv2%2Fcategories&post=10061"},{"taxonomy":"post_tag","embeddable":true,"href":"https:\/\/informativoelvalledeaguascalientes.online\/index.php?rest_route=%2Fwp%2Fv2%2Ftags&post=10061"}],"curies":[{"name":"wp","href":"https:\/\/api.w.org\/{rel}","templated":true}]}}