{"id":10024,"date":"2020-08-10T18:56:50","date_gmt":"2020-08-11T00:56:50","guid":{"rendered":"https:\/\/informativoelvalledeaguascalientes.online\/?p=10024"},"modified":"2020-08-10T18:56:50","modified_gmt":"2020-08-11T00:56:50","slug":"nutrida-parrila-se-espera-en-mexbike-al-reiniciar-super-copa","status":"publish","type":"post","link":"https:\/\/informativoelvalledeaguascalientes.online\/?p=10024","title":{"rendered":"NUTRIDA PARRILA SE ESPERA EN MEXBIKE, AL REINICIAR S\u00daPER COPA"},"content":{"rendered":"<div class=\"\">\n<div id=\":2uu\" class=\"ii gt\">\n<div id=\":2ut\" class=\"a3s aXjCH \">\n<div dir=\"ltr\">\n<div dir=\"ltr\">\n<p>Para el reinicio de la S\u00faper Copa en el Parque Tangamanga II de San Luis Potos\u00ed el 22 y 23 de agosto, estar\u00e1n presentes los campeones de todas las categor\u00edas de la MEXBIKE, as\u00ed lo hizo saber Jos\u00e9 Picazzo que es uno de los coordinadores de la misma.<\/p>\n<p>\u00abEstuve platicando con varios de los pilotos y creo que vamos a tener una parrilla de entre 15 y veinte motos, lo cual es muy bueno para reiniciar, despu\u00e9s de un receso tan largo\u00bb, expres\u00f3.<\/p>\n<p>El directivo de Vamex coment\u00f3 adem\u00e1s que se dar\u00e1n cita a tierras potosinas pilotos de la talla de Nahum \u00c1lvarez, Ernes Fern\u00e1ndez y Walter Leyva, entre otros: \u00abTodos est\u00e1n muy entusiasmados por regresar, este parate tan largo ya llev\u00f3 a todos a querer reiniciar las actividades\u00bb.<\/p>\n<p>Picazzo dijo que si bien como ha ocurrido en todos los deportes que reiniciaron a nivel mundial el hecho de correr sin p\u00fablico, crea un marco diferente, que los pilotos de MEXBIKE esperan que la gente se entere a trav\u00e9s de los medios de comunicaci\u00f3n.<\/p>\n<p>Habl\u00f3 tambi\u00e9n de las medidas que se tomar\u00e1n para el acceso de los equipos de las motos el 22 y 23 de agosto: \u00abNos autorizan solamente 4 personas incluido el piloto por moto, tenemos que entender que estamos viviendo una situaci\u00f3n especial y hay que acatar todo lo que se nos indique, para que podamos volver a la actividad\u00bb.<\/p>\n<p>El Tangamanga II no estar\u00e1 abierto al p\u00fablico, pero todo lo que pase se podr\u00e1 leer, ver y escuchar en los medios, la carrera ira por Fox Sports 2.<\/p>\n<p>Se sabe que se instalar\u00e1 un reten en el acceso al parque donde aquel que no tenga la pulsera que lo acredite, no podr\u00e1 ingresar al mismo.<\/p>\n<p>\u00abLos que coordinamos la categor\u00eda sabemos que tenemos que cumplir al pie de la letra todo lo que se nos indique y de esa manera lograr que el evento sea un \u00e9xito\u00bb, dijo Picazzo.<\/p>\n<p>CAMPEONATO EXPERTOS<\/p>\n<p>1) NAHUM ALVAREZ 100 PUNTOS<\/p>\n<p>2) RICARDO ESCAMILLA 90<\/p>\n<p>3) MARIO CANTU 82<\/p>\n<p>4) ERNES FERNANDEZ 76<\/p>\n<p>5) FABIAN MORALES 72<\/p>\n<p>&nbsp;<\/p>\n<p>CAMPEONATO INTERMEDIOS<\/p>\n<p>&nbsp;<\/p>\n<p>1) JULIO RAZO 100 PUNTOS<\/p>\n<p>2) SALOMON IBARRA 90<\/p>\n<p>3) OMAR MALDONADO 82<\/p>\n<p>4) ARIEL GONZALEZ 76<\/p>\n<p>5) ENRIQUE JUNCO 72<\/p>\n<\/div>\n<\/div>\n<\/div>\n<\/div>\n<\/div>\n","protected":false},"excerpt":{"rendered":"<p>Para el reinicio de la S\u00faper Copa en el Parque Tangamanga II de San Luis Potos\u00ed el 22 y 23 de agosto, estar\u00e1n presentes los campeones de todas las categor\u00edas de la MEXBIKE, as\u00ed lo hizo saber Jos\u00e9 Picazzo que es uno de los coordinadores de la misma. \u00abEstuve platicando con varios de los pilotos [&hellip;]<\/p>\n","protected":false},"author":1,"featured_media":10025,"comment_status":"closed","ping_status":"open","sticky":false,"template":"","format":"standard","meta":{"advanced_seo_description":"","jetpack_seo_html_title":"","jetpack_seo_noindex":false,"_jetpack_memberships_contains_paid_content":false,"footnotes":"","jetpack_publicize_message":"","jetpack_publicize_feature_enabled":true,"jetpack_social_post_already_shared":true,"jetpack_social_options":{"image_generator_settings":{"template":"highway","default_image_id":0,"font":"","enabled":false},"version":2}},"categories":[19],"tags":[232,125],"class_list":["post-10024","post","type-post","status-publish","format-standard","has-post-thumbnail","hentry","category-informacion-general","tag-informacion-general","tag-super-copa"],"jetpack_publicize_connections":[],"jetpack_featured_media_url":"https:\/\/i0.wp.com\/informativoelvalledeaguascalientes.online\/wp-content\/uploads\/2020\/08\/NAHUM-ALVAREZ.jpg?fit=1024%2C683&ssl=1","jetpack-related-posts":[],"jetpack_sharing_enabled":true,"jetpack_likes_enabled":true,"_links":{"self":[{"href":"https:\/\/informativoelvalledeaguascalientes.online\/index.php?rest_route=\/wp\/v2\/posts\/10024","targetHints":{"allow":["GET"]}}],"collection":[{"href":"https:\/\/informativoelvalledeaguascalientes.online\/index.php?rest_route=\/wp\/v2\/posts"}],"about":[{"href":"https:\/\/informativoelvalledeaguascalientes.online\/index.php?rest_route=\/wp\/v2\/types\/post"}],"author":[{"embeddable":true,"href":"https:\/\/informativoelvalledeaguascalientes.online\/index.php?rest_route=\/wp\/v2\/users\/1"}],"replies":[{"embeddable":true,"href":"https:\/\/informativoelvalledeaguascalientes.online\/index.php?rest_route=%2Fwp%2Fv2%2Fcomments&post=10024"}],"version-history":[{"count":1,"href":"https:\/\/informativoelvalledeaguascalientes.online\/index.php?rest_route=\/wp\/v2\/posts\/10024\/revisions"}],"predecessor-version":[{"id":10026,"href":"https:\/\/informativoelvalledeaguascalientes.online\/index.php?rest_route=\/wp\/v2\/posts\/10024\/revisions\/10026"}],"wp:featuredmedia":[{"embeddable":true,"href":"https:\/\/informativoelvalledeaguascalientes.online\/index.php?rest_route=\/wp\/v2\/media\/10025"}],"wp:attachment":[{"href":"https:\/\/informativoelvalledeaguascalientes.online\/index.php?rest_route=%2Fwp%2Fv2%2Fmedia&parent=10024"}],"wp:term":[{"taxonomy":"category","embeddable":true,"href":"https:\/\/informativoelvalledeaguascalientes.online\/index.php?rest_route=%2Fwp%2Fv2%2Fcategories&post=10024"},{"taxonomy":"post_tag","embeddable":true,"href":"https:\/\/informativoelvalledeaguascalientes.online\/index.php?rest_route=%2Fwp%2Fv2%2Ftags&post=10024"}],"curies":[{"name":"wp","href":"https:\/\/api.w.org\/{rel}","templated":true}]}}