{"id":10008,"date":"2020-08-10T18:37:35","date_gmt":"2020-08-11T00:37:35","guid":{"rendered":"https:\/\/informativoelvalledeaguascalientes.online\/?p=10008"},"modified":"2020-08-10T18:37:35","modified_gmt":"2020-08-11T00:37:35","slug":"realiza-tono-martin-del-campo-gira-de-trabajo-por-municipios-del-interior","status":"publish","type":"post","link":"https:\/\/informativoelvalledeaguascalientes.online\/?p=10008","title":{"rendered":"REALIZA TO\u00d1O MART\u00cdN DEL CAMPO GIRA DE TRABAJO POR MUNICIPIOS DEL INTERIOR"},"content":{"rendered":"<ul>\n<li><strong>Como parte de su labor legislativa, ha dedicado los fines de semana a visitar un municipio diferente con el objetivo de conocer de viva voz las necesidades que aquejan a los pobladores<\/strong><\/li>\n<\/ul>\n<p><strong>\u00a0<\/strong><\/p>\n<ul>\n<li><strong>Asimismo, ha sostenido reuniones con productores del campo, empresarios y l\u00edderes sociales a quienes ha expuesto sus iniciativas para reactivar la econom\u00eda de este sector<\/strong><\/li>\n<\/ul>\n<p><strong>\u00a0<\/strong><\/p>\n<ul>\n<li><strong>Estos encuentros tienen como finalidad establecer acuerdos de colaboraci\u00f3n con la sociedad para convertirlos en propuestas que puedan ser llevadas ante la C\u00e1mara Alta <\/strong><\/li>\n<\/ul>\n<p><strong>\u00a0<\/strong><\/p>\n<p>En congruencia con su compromiso de legislar para todos, el Senador por Aguascalientes, To\u00f1o Mart\u00edn del Campo se ha dedicado a recorrer nuestro estado para conocer de viva voz las principales necesidades de sus habitantes y con ello generar iniciativas espec\u00edficas que garanticen mejores oportunidades para todos los sectores.<\/p>\n<p>&nbsp;<\/p>\n<p>Cada fin de semana visita un municipio diferente donde sostiene reuniones con productores agropecuarios, empresarios de distintos ramos y l\u00edderes sociales quienes le han manifestado todo su apoyo y total inter\u00e9s por contribuir en el desarrollo de proyectos que beneficien a la poblaci\u00f3n en su conjunto.<\/p>\n<p>&nbsp;<\/p>\n<p><em>\u201cEn total hemos entablado m\u00e1s de 100 encuentros con empresarios productores, organizaciones civiles y ciudadan\u00eda en general \u00a0donde el com\u00fan denominador es la b\u00fasqueda de apoyos para el sector agr\u00edcola\u00a0 y las MIPyMES, que han sido unos de los sectores m\u00e1s afectados por la pandemia, as\u00ed como la urgente necesidad es la reactivaci\u00f3n econ\u00f3mica\u201d.<\/em><\/p>\n<p><em>\u00a0<\/em><\/p>\n<p>A lo largo de esta gira, el legislador federal ha externado su preocupaci\u00f3n ante el recorte de 4 mil millones de pesos por parte del Gobierno Federal al campo mexicano, lo que traer\u00e1 como consecuencia la p\u00e9rdida de 2 millones 800 mil empleos en este importante sector, situaci\u00f3n que nos perjudicar\u00e1 a todos los mexicanos.<\/p>\n<p>&nbsp;<\/p>\n<p>Ante tal escenario y en respuesta a las peticiones ciudadanas, Mart\u00edn de Campo propone frenar la construcci\u00f3n de la Refiner\u00eda de Dos Bocas cuyo costo asciende a los 41 mil 300 millones de pesos que podr\u00edan ser aplicados para la adquisici\u00f3n de infraestructura y maquinaria, tecnificaci\u00f3n del campo y al programa tripartita donde se contar\u00e1 con la participaci\u00f3n de los distintos \u00f3rdenes gubernamentales.<\/p>\n<p>&nbsp;<\/p>\n<p>Asimismo, el Senador ha emitido un punto de acuerdo para exhortar a la Secretar\u00eda de Agricultura y Desarrollo Rural para la creaci\u00f3n de esquemas de apoyo a los productores agr\u00edcolas, lo que conllevar\u00eda grandes beneficios en este rubro, evitando dejar sin sustento a la gran cantidad de familias que dependen de esta actividad.<\/p>\n<p>&nbsp;<\/p>\n<p>De igual forma, propuso el establecimiento de un Ingreso B\u00e1sico Universal por un monto de tres mil 200 pesos que se otorgar\u00e1 por un lapso de seis meses a todas aquellas personas que por la contingencia sanitaria no cuentan con un empleo y requieren llevar el sustento a sus hogares.<\/p>\n<p>&nbsp;<\/p>\n<p><em>\u201cNos encontramos frente al mayor reto del siglo, la pandemia de COVID 19, por eso, es el tiempo y el momento de cerrar filas y sacar lo mejor de nosotros para evitar que se pierdan m\u00e1s vidas humanas, as\u00ed como el colapso de nuestra econom\u00eda, debemos actuar para garantizar el desarrollo de nuestro pa\u00eds y nuestro estado\u201d.<\/em><\/p>\n<p>&nbsp;<\/p>\n<p>Finalmente, To\u00f1o Mart\u00edn del Campo se comprometi\u00f3 a analizar las peticiones y regresar a cada municipio con el prop\u00f3sito de dar puntual seguimiento a cada uno de los casos que durante esta extensa gira de trabajo le fueron expuestos por los pobladores.<\/p>\n","protected":false},"excerpt":{"rendered":"<p>Como parte de su labor legislativa, ha dedicado los fines de semana a visitar un municipio diferente con el objetivo de conocer de viva voz las necesidades que aquejan a los pobladores \u00a0 Asimismo, ha sostenido reuniones con productores del campo, empresarios y l\u00edderes sociales a quienes ha expuesto sus iniciativas para reactivar la econom\u00eda [&hellip;]<\/p>\n","protected":false},"author":1,"featured_media":10009,"comment_status":"closed","ping_status":"open","sticky":false,"template":"","format":"standard","meta":{"advanced_seo_description":"","jetpack_seo_html_title":"","jetpack_seo_noindex":false,"_jetpack_memberships_contains_paid_content":false,"footnotes":"","jetpack_publicize_message":"","jetpack_publicize_feature_enabled":true,"jetpack_social_post_already_shared":true,"jetpack_social_options":{"image_generator_settings":{"template":"highway","default_image_id":0,"font":"","enabled":false},"version":2}},"categories":[21,19,7],"tags":[22,23,49],"class_list":["post-10008","post","type-post","status-publish","format-standard","has-post-thumbnail","hentry","category-aguascalientes","category-informacion-general","category-pan-aguascalientes","tag-aguascalientes","tag-pan-aguascalientes","tag-tono-martin-del-campo"],"jetpack_publicize_connections":[],"jetpack_featured_media_url":"https:\/\/i0.wp.com\/informativoelvalledeaguascalientes.online\/wp-content\/uploads\/2020\/08\/tmc_10082020.jpg?fit=811%2C615&ssl=1","jetpack-related-posts":[],"jetpack_sharing_enabled":true,"jetpack_likes_enabled":true,"_links":{"self":[{"href":"https:\/\/informativoelvalledeaguascalientes.online\/index.php?rest_route=\/wp\/v2\/posts\/10008","targetHints":{"allow":["GET"]}}],"collection":[{"href":"https:\/\/informativoelvalledeaguascalientes.online\/index.php?rest_route=\/wp\/v2\/posts"}],"about":[{"href":"https:\/\/informativoelvalledeaguascalientes.online\/index.php?rest_route=\/wp\/v2\/types\/post"}],"author":[{"embeddable":true,"href":"https:\/\/informativoelvalledeaguascalientes.online\/index.php?rest_route=\/wp\/v2\/users\/1"}],"replies":[{"embeddable":true,"href":"https:\/\/informativoelvalledeaguascalientes.online\/index.php?rest_route=%2Fwp%2Fv2%2Fcomments&post=10008"}],"version-history":[{"count":1,"href":"https:\/\/informativoelvalledeaguascalientes.online\/index.php?rest_route=\/wp\/v2\/posts\/10008\/revisions"}],"predecessor-version":[{"id":10010,"href":"https:\/\/informativoelvalledeaguascalientes.online\/index.php?rest_route=\/wp\/v2\/posts\/10008\/revisions\/10010"}],"wp:featuredmedia":[{"embeddable":true,"href":"https:\/\/informativoelvalledeaguascalientes.online\/index.php?rest_route=\/wp\/v2\/media\/10009"}],"wp:attachment":[{"href":"https:\/\/informativoelvalledeaguascalientes.online\/index.php?rest_route=%2Fwp%2Fv2%2Fmedia&parent=10008"}],"wp:term":[{"taxonomy":"category","embeddable":true,"href":"https:\/\/informativoelvalledeaguascalientes.online\/index.php?rest_route=%2Fwp%2Fv2%2Fcategories&post=10008"},{"taxonomy":"post_tag","embeddable":true,"href":"https:\/\/informativoelvalledeaguascalientes.online\/index.php?rest_route=%2Fwp%2Fv2%2Ftags&post=10008"}],"curies":[{"name":"wp","href":"https:\/\/api.w.org\/{rel}","templated":true}]}}