{"id":10005,"date":"2020-08-10T18:33:47","date_gmt":"2020-08-11T00:33:47","guid":{"rendered":"https:\/\/informativoelvalledeaguascalientes.online\/?p=10005"},"modified":"2020-08-10T18:33:47","modified_gmt":"2020-08-11T00:33:47","slug":"acusa-fernando-herrera-negligencia-del-gobierno-federal-en-el-manejo-de-la-pandemia-de-covid19","status":"publish","type":"post","link":"https:\/\/informativoelvalledeaguascalientes.online\/?p=10005","title":{"rendered":"ACUSA FERNANDO HERRERA NEGLIGENCIA DEL GOBIERNO FEDERAL EN EL MANEJO DE LA PANDEMIA DE COVID19"},"content":{"rendered":"<ul>\n<li style=\"font-weight: 400;\">Es urgente que la administraci\u00f3n de L\u00f3pez Obrador act\u00fae con responsabilidad y deje de minimizar la crisis sanitaria, para evitar que se sigan perdiendo vidas.<\/li>\n<\/ul>\n<p style=\"font-weight: 400;\">\n<ul>\n<li style=\"font-weight: 400;\">A diferencia de las entidades gobernadas por MORENA, que hoy concentran el mayor n\u00famero de casos positivos, Aguascalientes, Tamaulipas, Quer\u00e9taro y Quintana Roo suman 2 semanas a la baja en el n\u00famero de contagios.<\/li>\n<\/ul>\n<p style=\"font-weight: 400;\">\n<p style=\"font-weight: 400;\">Por la negligencia del gobierno federal nuestro pa\u00eds ha rebasado las 52 mil muertes por Covid19. L\u00f3pez Obrador y el Subsecretario Hugo L\u00f3pez Gatell son los principales responsables de esta situaci\u00f3n. No s\u00f3lo le han mentido descaradamente a la poblaci\u00f3n, sino que tambi\u00e9n han politizado un tema de salud p\u00fablica, se\u00f1al\u00f3 Fernando Herrera.<\/p>\n<p style=\"font-weight: 400;\">\n<p style=\"font-weight: 400;\">El Vocero Nacional del PAN hizo un repaso de las decisiones que se han tomado desde el inicio de la pandemia, que confirman la err\u00e1tica estrategia del gobierno federal morenista, y que nos ha llevado a ser el tercer pa\u00eds del mundo con el mayor n\u00famero de muertes a causa del nuevo coronavirus.<\/p>\n<p style=\"font-weight: 400;\">\n<p style=\"font-weight: 400;\">\u201cSe ha abandonado a los m\u00e9dicos, personal de enfermer\u00eda y personal administrativo de las cl\u00ednicas del IMSS y el ISSSTE, se han disfrazado muertes como neumon\u00edas at\u00edpicas, se han enviado mensajes contradictorios todo el tiempo y lo peor, se ha dado un manejo pol\u00edtico a la pandemia tan s\u00f3lo por complacer al presidente\u201d.<\/p>\n<p style=\"font-weight: 400;\">\n<p style=\"font-weight: 400;\">Herrera \u00c1vila se\u00f1al\u00f3 que las cifras m\u00e1s alarmantes se concentran en las entidades que hoy gobierna Morena, en muchas de las cuales se ha expresado tambi\u00e9n la molestia e inconformidad por las decisiones que se toman desde Palacio Nacional.<\/p>\n<p style=\"font-weight: 400;\">\n<p style=\"font-weight: 400;\">A diferencia de la Ciudad de M\u00e9xico (77 mil casos confirmados), Tabasco (23 mil casos confirmados) y Veracruz (22 mil casos confirmados), dijo, las entidades con gobiernos panistas se mantienen hoy por debajo\u00a0 la media nacional.<\/p>\n<p style=\"font-weight: 400;\">\n<p style=\"font-weight: 400;\">Record\u00f3 que el mismo Director General de Promoci\u00f3n de la Salud, Ricardo Cort\u00e9s Alcal\u00e1, confirm\u00f3 de manera reciente que Aguascalientes, Tamaulipas, Quintana Roo y Quer\u00e9taro suman dos semanas a la baja en el n\u00famero de contagios.<\/p>\n<p style=\"font-weight: 400;\">\n<p style=\"font-weight: 400;\">\u201cDice el presidente que se han ejercido 35 mil millones de pesos para controlar la pandemia de Covid19. Esa cantidad es absurda si la comparamos con los m\u00e1s de 500 mil de pesos que est\u00e1 destinando a sus obras fara\u00f3nicas\u201d.<\/p>\n<p style=\"font-weight: 400;\">\u201cEn el PAN le hemos pedido y seguiremos insistiendo en que las cancele y\u00a0 destine todos los recursos posibles al tema de salud p\u00fablica. Pero parece que es m\u00e1s grande el ego de L\u00f3pez Obrador y su af\u00e1n por construir esos elefantes blancos que de nada servir\u00e1n al pa\u00eds\u201d, expres\u00f3.<\/p>\n<p style=\"font-weight: 400;\">\n<p style=\"font-weight: 400;\">Es urgente que el gobierno federal, asever\u00f3 Fernando Herrera, actu\u00e9 con responsabilidad y deje de minimizar la crisis sanitaria para evitar que se sigan perdiendo vidas. No se trata de simples n\u00fameros, sino de miles de familias mexicanas que est\u00e1n atravesando una verdadera tragedia en estos momentos.<\/p>\n<p style=\"font-weight: 400;\">\n","protected":false},"excerpt":{"rendered":"<p>Es urgente que la administraci\u00f3n de L\u00f3pez Obrador act\u00fae con responsabilidad y deje de minimizar la crisis sanitaria, para evitar que se sigan perdiendo vidas. A diferencia de las entidades gobernadas por MORENA, que hoy concentran el mayor n\u00famero de casos positivos, Aguascalientes, Tamaulipas, Quer\u00e9taro y Quintana Roo suman 2 semanas a la baja en [&hellip;]<\/p>\n","protected":false},"author":1,"featured_media":10006,"comment_status":"closed","ping_status":"open","sticky":false,"template":"","format":"standard","meta":{"advanced_seo_description":"","jetpack_seo_html_title":"","jetpack_seo_noindex":false,"_jetpack_memberships_contains_paid_content":false,"footnotes":"","jetpack_publicize_message":"","jetpack_publicize_feature_enabled":true,"jetpack_social_post_already_shared":true,"jetpack_social_options":{"image_generator_settings":{"template":"highway","default_image_id":0,"font":"","enabled":false},"version":2}},"categories":[21,19,7],"tags":[22,74,23],"class_list":["post-10005","post","type-post","status-publish","format-standard","has-post-thumbnail","hentry","category-aguascalientes","category-informacion-general","category-pan-aguascalientes","tag-aguascalientes","tag-fernando-herrera","tag-pan-aguascalientes"],"jetpack_publicize_connections":[],"jetpack_featured_media_url":"https:\/\/i0.wp.com\/informativoelvalledeaguascalientes.online\/wp-content\/uploads\/2020\/08\/fha_10082020.jpg?fit=940%2C625&ssl=1","jetpack-related-posts":[],"jetpack_sharing_enabled":true,"jetpack_likes_enabled":true,"_links":{"self":[{"href":"https:\/\/informativoelvalledeaguascalientes.online\/index.php?rest_route=\/wp\/v2\/posts\/10005","targetHints":{"allow":["GET"]}}],"collection":[{"href":"https:\/\/informativoelvalledeaguascalientes.online\/index.php?rest_route=\/wp\/v2\/posts"}],"about":[{"href":"https:\/\/informativoelvalledeaguascalientes.online\/index.php?rest_route=\/wp\/v2\/types\/post"}],"author":[{"embeddable":true,"href":"https:\/\/informativoelvalledeaguascalientes.online\/index.php?rest_route=\/wp\/v2\/users\/1"}],"replies":[{"embeddable":true,"href":"https:\/\/informativoelvalledeaguascalientes.online\/index.php?rest_route=%2Fwp%2Fv2%2Fcomments&post=10005"}],"version-history":[{"count":1,"href":"https:\/\/informativoelvalledeaguascalientes.online\/index.php?rest_route=\/wp\/v2\/posts\/10005\/revisions"}],"predecessor-version":[{"id":10007,"href":"https:\/\/informativoelvalledeaguascalientes.online\/index.php?rest_route=\/wp\/v2\/posts\/10005\/revisions\/10007"}],"wp:featuredmedia":[{"embeddable":true,"href":"https:\/\/informativoelvalledeaguascalientes.online\/index.php?rest_route=\/wp\/v2\/media\/10006"}],"wp:attachment":[{"href":"https:\/\/informativoelvalledeaguascalientes.online\/index.php?rest_route=%2Fwp%2Fv2%2Fmedia&parent=10005"}],"wp:term":[{"taxonomy":"category","embeddable":true,"href":"https:\/\/informativoelvalledeaguascalientes.online\/index.php?rest_route=%2Fwp%2Fv2%2Fcategories&post=10005"},{"taxonomy":"post_tag","embeddable":true,"href":"https:\/\/informativoelvalledeaguascalientes.online\/index.php?rest_route=%2Fwp%2Fv2%2Ftags&post=10005"}],"curies":[{"name":"wp","href":"https:\/\/api.w.org\/{rel}","templated":true}]}}